{"id":36478,"date":"2022-07-04T17:54:45","date_gmt":"2022-07-04T20:54:45","guid":{"rendered":"https:\/\/infovera.com.ar\/web\/?p=36478"},"modified":"2022-07-04T17:54:45","modified_gmt":"2022-07-04T20:54:45","slug":"netbooks-para-la-escuela-tecnica-n-285","status":"publish","type":"post","link":"https:\/\/infovera.com.ar\/web\/2022\/07\/04\/netbooks-para-la-escuela-tecnica-n-285\/","title":{"rendered":"Netbooks para la Escuela T\u00e9cnica N\u00b0 285"},"content":{"rendered":"<p>En un acto que cont\u00f3 con la presencia del viceministro de Educaci\u00f3n, V\u00edctor Debloc; el delegado de la Regi\u00f3n II, Roberto Lorenzini; el senador Osvaldo Sosa y personal directivo encabezado por Alexis Llobel, la EETP N\u00ba 285 \u201cDomingo Crespo\u201d recibi\u00f3 47 netbooks del plan \u201cConectar Igualdad\u201d.<\/p>\n<p>&nbsp;<\/p>\n<p>Los funcionarios expresaron la importancia de dotar a los alumnos de un elemento indispensable para su estudio y su proyecto personal, por lo que recomendaron el especial cuidado, m\u00e1s all\u00e1 que su uso puede ser compartido por alg\u00fan compa\u00f1ero y la propia familia.<\/p>\n<p>&nbsp;<\/p>\n<p>El senador Osvaldo Sosa destac\u00f3 que \u201cesta entrega se enmarca en un proyecto nacional que tiene correlaci\u00f3n en un gran proyecto provincial relacionado con la conectividad que ya est\u00e1 licitada y con ello se facilitar\u00e1 el alcance a todos los habitantes del departamento\u201d.<\/p>\n<p>&nbsp;<\/p>\n<p>Por su parte, el viceministro V\u00edctor Debloc se\u00f1al\u00f3 los antecedentes de proyectos para facilitar el acceso de los j\u00f3venes al estudio, como las Becas Progresar, el Boleto Educativo y ahora la aplicaci\u00f3n de la ley \u201cSanta Fe m\u00e1s conectada\u201d para lo cual, como dijo el senador, ya se est\u00e1n licitando las distintas etapas de los 4 mil kil\u00f3metros de fibra \u00f3ptica\u201d.<\/p>\n<p>&nbsp;<\/p>\n<p>\u201cLa concreci\u00f3n de este proyecto permitir\u00e1 implementar pol\u00edticas de arraigo dado que para su concreci\u00f3n la conectividad es fundamental\u201d, concluy\u00f3.<\/p>\n<p>&nbsp;<\/p>\n<p>Las netbooks \u2013con usuario y clave \u00fanica- est\u00e1n perfectamente individualizadas a nombre de cada alumno, detalle importante porque esos datos figuran en la caja que deben conservar porque ah\u00ed est\u00e1 escrito el 0800 al que tienen que llamar si se requiere alg\u00fan servicio dado que tienen garant\u00eda por un a\u00f1o.<\/p>\n<p>&nbsp;<\/p>\n<p>Los alumnos receptores concurrieron con sus padres con quienes firmaron la planilla de recepci\u00f3n.<\/p>\n<p>&nbsp;<\/p>\n<p><em><strong>Letyana<\/strong><\/em><\/p>\n","protected":false},"excerpt":{"rendered":"<p>En un acto que cont\u00f3 con la presencia del viceministro de Educaci\u00f3n, V\u00edctor Debloc; el delegado de la Regi\u00f3n II, Roberto Lorenzini; el senador Osvaldo Sosa y personal directivo encabezado por Alexis Llobel, la EETP N\u00ba 285 \u201cDomingo Crespo\u201d recibi\u00f3 47 netbooks del plan \u201cConectar Igualdad\u201d. &nbsp; Los funcionarios expresaron la importancia de dotar a [&hellip;]<\/p>\n","protected":false},"author":3,"featured_media":36479,"comment_status":"closed","ping_status":"closed","sticky":false,"template":"","format":"standard","meta":{"_joinchat":[],"footnotes":""},"categories":[51,53],"tags":[],"class_list":{"0":"post-36478","1":"post","2":"type-post","3":"status-publish","4":"format-standard","5":"has-post-thumbnail","7":"category-locales","8":"category-vera"},"_links":{"self":[{"href":"https:\/\/infovera.com.ar\/web\/wp-json\/wp\/v2\/posts\/36478","targetHints":{"allow":["GET"]}}],"collection":[{"href":"https:\/\/infovera.com.ar\/web\/wp-json\/wp\/v2\/posts"}],"about":[{"href":"https:\/\/infovera.com.ar\/web\/wp-json\/wp\/v2\/types\/post"}],"author":[{"embeddable":true,"href":"https:\/\/infovera.com.ar\/web\/wp-json\/wp\/v2\/users\/3"}],"replies":[{"embeddable":true,"href":"https:\/\/infovera.com.ar\/web\/wp-json\/wp\/v2\/comments?post=36478"}],"version-history":[{"count":0,"href":"https:\/\/infovera.com.ar\/web\/wp-json\/wp\/v2\/posts\/36478\/revisions"}],"wp:featuredmedia":[{"embeddable":true,"href":"https:\/\/infovera.com.ar\/web\/wp-json\/wp\/v2\/media\/36479"}],"wp:attachment":[{"href":"https:\/\/infovera.com.ar\/web\/wp-json\/wp\/v2\/media?parent=36478"}],"wp:term":[{"taxonomy":"category","embeddable":true,"href":"https:\/\/infovera.com.ar\/web\/wp-json\/wp\/v2\/categories?post=36478"},{"taxonomy":"post_tag","embeddable":true,"href":"https:\/\/infovera.com.ar\/web\/wp-json\/wp\/v2\/tags?post=36478"}],"curies":[{"name":"wp","href":"https:\/\/api.w.org\/{rel}","templated":true}]}}