{"id":36475,"date":"2022-07-04T17:50:23","date_gmt":"2022-07-04T20:50:23","guid":{"rendered":"https:\/\/infovera.com.ar\/web\/?p=36475"},"modified":"2022-07-04T17:50:23","modified_gmt":"2022-07-04T20:50:23","slug":"se-realizo-la-segunda-reunion-del-consejo-provincial-de-ninas-ninos-y-adolescentes","status":"publish","type":"post","link":"https:\/\/infovera.com.ar\/web\/2022\/07\/04\/se-realizo-la-segunda-reunion-del-consejo-provincial-de-ninas-ninos-y-adolescentes\/","title":{"rendered":"Se realiz\u00f3 la segunda reuni\u00f3n del Consejo Provincial de Ni\u00f1as, Ni\u00f1os y Adolescentes"},"content":{"rendered":"<p>El Ministerio de Desarrollo Social, a trav\u00e9s de la Secretaria de los Derechos de la Ni\u00f1ez, Adolescencia y Familia, llev\u00f3 a cabo las Segundas Asambleas Regionales del Consejo Provincial de Ni\u00f1as, Ni\u00f1os y Adolescentes en diferentes jornadas y regiones.<\/p>\n<p>&nbsp;<\/p>\n<p>Durante las mismas, autoridades de la cartera provincial, junto referentes locales, organizaciones de la sociedad civil y colegios profesionales, dieron a conocer distintos programas y actividades desarrolladas para ni\u00f1as, ni\u00f1os y adolescentes.<\/p>\n<p>&nbsp;<\/p>\n<p>El Consejo, conformado por diferentes estamentos del Estado provincial, se constituye como un \u00f3rgano deliberativo y las propuestas que emanan del mismo tienen influencia en las pol\u00edticas p\u00fablicas que lleva adelante el Ejecutivo provincial.<\/p>\n<p>&nbsp;<\/p>\n<p>Al respecto, el ministro de Desarrollo Social, Danilo Capitani, afirm\u00f3 que \u201ceste es un espacio fundamental donde las voces, demandas, necesidades y propuestas de los ni\u00f1os, ni\u00f1as y adolescentes de toda la provincia est\u00e1n representadas y son tomadas en cuenta para la construcci\u00f3n colectiva y para cumplir las metas de restituci\u00f3n de derechos de forma equitativa&#8221;.<\/p>\n<p>&nbsp;<\/p>\n<p>Por su parte, la secretaria de los Derechos de la Ni\u00f1ez, Adolescencia y Familia, Patricia Chialvo, expres\u00f3 que \u201cfue un gran desaf\u00edo y una experiencia enriquecedora, tanto para adolescentes como para quienes trabajamos por, con y para la ni\u00f1ez y adolescencia pero carecemos de suficientes tiempos y espacios de escucha a lo que tienen y quieren decir ellos y ellas mismas\u201d.<\/p>\n<p>&nbsp;<\/p>\n<p>Cabe destacar que las reuniones del Consejo se realizaron los d\u00edas 23 y 27 de junio y el 1 de julio y que, en esta oportunidad, las sedes fueron Ca\u00f1ada de G\u00f3mez para la Regi\u00f3n Sur, Rafaela para la Regi\u00f3n Centro y Reconquista para la Regi\u00f3n Norte.<\/p>\n<p>&nbsp;<\/p>\n<p>Durante las actividades se present\u00f3 el programa de Acompa\u00f1amiento para el Egreso de J\u00f3venes sin Cuidados Parentales, destinado a adolescentes a quienes se aplic\u00f3 una medida de protecci\u00f3n excepcional y cuya revinculaci\u00f3n familiar y\/o adopci\u00f3n no fueron viables.<\/p>\n<p>&nbsp;<\/p>\n<p>Adem\u00e1s, los equipos profesionales de las distintas direcciones provinciales presentaron el programa de Autonom\u00eda Progresiva y el Programa Egresar, llevados adelante por la Secretar\u00eda de Ni\u00f1ez, Adolescencia y Familia y la Secretaria de Desarrollo Territorial, respectivamente.<\/p>\n<p>&nbsp;<\/p>\n<p>Dichos programas plantean dos etapas de acompa\u00f1amiento y fortalecimiento, para los y las j\u00f3venes que egresaran de hogares o familias alternativas, prepar\u00e1ndolos para una vida independiente, trabajando sus derechos a la salud, la educaci\u00f3n, vivienda, trabajo, etc.<\/p>\n<p>&nbsp;<\/p>\n<p>EL CONSEJO<\/p>\n<p>&nbsp;<\/p>\n<p>Est\u00e1 establecido a trav\u00e9s de la Ley N\u00b0 12967 de Promoci\u00f3n y Protecci\u00f3n de los Derechos de las Ni\u00f1as, Ni\u00f1os y Adolescentes, y se constituye como un \u00f3rgano que debe funcionar en representaci\u00f3n de todas las instituciones y organizaciones intervinientes en las diferentes problem\u00e1ticas que involucren a la ni\u00f1ez y adolescencia.<\/p>\n<p>&nbsp;<\/p>\n<p>Est\u00e1 conformado por representantes de los distintos ministerios de Poder Ejecutivo provincial, Poder Legislativo, Poder Judicial, los colegios profesionales, universidades p\u00fablicas y privadas, municipios y comunas y organizaciones no gubernamentales<\/p>\n<p>&nbsp;<\/p>\n<p>LA VOZ DE LOS ADOLESCENTES<\/p>\n<p>&nbsp;<\/p>\n<p>Por primera vez, se desarrollaron, paralelamente, asambleas de adolescentes de las que participaron activamente casi un centenar de j\u00f3venes de distintas localidades de la provincia, en las que se plantearon problem\u00e1ticas que los y las afectan y demandas hacia distintos estamentos del Estado, la sociedad y las familias.<\/p>\n<p>&nbsp;<\/p>\n<p>En las distintas jornadas regionales participaron el senador por el departamento Castellanos, Alcides Calvo; la subsecretaria de Prevenci\u00f3n en Salud y Trayectorias Educativas de Ni\u00f1os, Ni\u00f1as y Adolescentes, Adriana Lusso; la subsecretaria de Promoci\u00f3n de los Derechos de la Ni\u00f1ez, Adolescencia y Familia, Patricia Virgilio; el director de Salud y Trayectorias Educativas, Jorge Morales; la directora de Promoci\u00f3n de los Derechos de la Ni\u00f1ez, Adolescencia y Familia, In\u00e9s Colmegna; la directora de Promoci\u00f3n de los Derechos de la Ni\u00f1ez, Adolescencia y Familia, Florencia Ghiselli; y el director de Promoci\u00f3n de los Derechos de la Ni\u00f1ez, Adolescencia y Familia Interior, Agust\u00edn Codevilla.<\/p>\n<p>&nbsp;<\/p>\n<p>Tambi\u00e9n estuvieron presentes delegadas regionales, equipos territoriales de la Secretar\u00eda, as\u00ed como autoridades regionales de Educaci\u00f3n, Salud, Justicia Penal Juvenil y de familia, autoridades municipales, comunales, concejales, servicios locales de ni\u00f1ez, representantes institucionales de \u00e1reas vinculadas a la tem\u00e1tica, consejeras y consejeros.<\/p>\n","protected":false},"excerpt":{"rendered":"<p>El Ministerio de Desarrollo Social, a trav\u00e9s de la Secretaria de los Derechos de la Ni\u00f1ez, Adolescencia y Familia, llev\u00f3 a cabo las Segundas Asambleas Regionales del Consejo Provincial de Ni\u00f1as, Ni\u00f1os y Adolescentes en diferentes jornadas y regiones. &nbsp; Durante las mismas, autoridades de la cartera provincial, junto referentes locales, organizaciones de la sociedad [&hellip;]<\/p>\n","protected":false},"author":3,"featured_media":36476,"comment_status":"closed","ping_status":"closed","sticky":false,"template":"","format":"standard","meta":{"_joinchat":[],"footnotes":""},"categories":[60],"tags":[],"class_list":{"0":"post-36475","1":"post","2":"type-post","3":"status-publish","4":"format-standard","5":"has-post-thumbnail","7":"category-provinciales"},"_links":{"self":[{"href":"https:\/\/infovera.com.ar\/web\/wp-json\/wp\/v2\/posts\/36475","targetHints":{"allow":["GET"]}}],"collection":[{"href":"https:\/\/infovera.com.ar\/web\/wp-json\/wp\/v2\/posts"}],"about":[{"href":"https:\/\/infovera.com.ar\/web\/wp-json\/wp\/v2\/types\/post"}],"author":[{"embeddable":true,"href":"https:\/\/infovera.com.ar\/web\/wp-json\/wp\/v2\/users\/3"}],"replies":[{"embeddable":true,"href":"https:\/\/infovera.com.ar\/web\/wp-json\/wp\/v2\/comments?post=36475"}],"version-history":[{"count":0,"href":"https:\/\/infovera.com.ar\/web\/wp-json\/wp\/v2\/posts\/36475\/revisions"}],"wp:featuredmedia":[{"embeddable":true,"href":"https:\/\/infovera.com.ar\/web\/wp-json\/wp\/v2\/media\/36476"}],"wp:attachment":[{"href":"https:\/\/infovera.com.ar\/web\/wp-json\/wp\/v2\/media?parent=36475"}],"wp:term":[{"taxonomy":"category","embeddable":true,"href":"https:\/\/infovera.com.ar\/web\/wp-json\/wp\/v2\/categories?post=36475"},{"taxonomy":"post_tag","embeddable":true,"href":"https:\/\/infovera.com.ar\/web\/wp-json\/wp\/v2\/tags?post=36475"}],"curies":[{"name":"wp","href":"https:\/\/api.w.org\/{rel}","templated":true}]}}