{"id":36461,"date":"2022-07-04T10:59:28","date_gmt":"2022-07-04T13:59:28","guid":{"rendered":"https:\/\/infovera.com.ar\/web\/?p=36461"},"modified":"2022-07-05T18:34:04","modified_gmt":"2022-07-05T21:34:04","slug":"mensaje-mafioso-investigan-un-presunto-atentado-contra-la-vivienda-del-juez-federal-de-reconquista","status":"publish","type":"post","link":"https:\/\/infovera.com.ar\/web\/2022\/07\/04\/mensaje-mafioso-investigan-un-presunto-atentado-contra-la-vivienda-del-juez-federal-de-reconquista\/","title":{"rendered":"\u00bfMensaje mafioso?\u00a0Investigan un presunto atentado contra la vivienda del juez federal de Reconquista"},"content":{"rendered":"<p><strong>Est\u00e1 ubicada en la capital provincial. La puerta fue rota a golpes. El magistrado pidi\u00f3 que se esclarezca el hecho. No es la primera que es v\u00edctima de este tipo hechos.<\/strong><\/p>\n<p>La puerta de la vivienda que el juez federal de Reconquista, Dr. Aldo Mario Alurralde, posee en la capital provincial amaneci\u00f3 sobre el final de la semana pasada con evidentes signos de haber sido objeto de violencia.<\/p>\n<p>La doble hoja de la abertura de madera oscura sufri\u00f3 roturas en la zona media, justo en la zona de la cerradura de bronce, que qued\u00f3 astillada como consecuencia de haber sido atacada con un elemento contundente y con filo.<\/p>\n<p>\u201cEfectivamente, en la jornada del jueves por la tarde me comunican que hab\u00edan da\u00f1ado la puerta de mi vivienda en Santa Fe, a la que yo me traslado cuando tengo que estar por razones funcionales en la esa ciudad\u201d, cont\u00f3 el magistrado a El Litoral.<\/p>\n<p>Detall\u00f3 m\u00e1s adelante que \u201ces una casa en la que hace a\u00f1os resido all\u00ed\u201d, ubicada en el barrio Candioti, y estim\u00f3 que, evidentemente, por \u201cel tipo de da\u00f1o que hicieron se puede ver que es importante, no s\u00e9 si tomaron la puerta con un hacha u otro elemento contundente porque directamente arruinaron la puerta, la reventaron. De manera tal que <strong>es llamativo este da\u00f1o por el da\u00f1o mismo\u201d.<\/strong><\/p>\n<p>El Dr. Alurralde indic\u00f3 que \u201cpor esto yo hice la correspondiente denuncia y <strong>espero que se aclare la situaci\u00f3n, para saber cu\u00e1l es el verdadero m\u00f3vil de todo est<\/strong>o. Se est\u00e1 investigando y esperemos que se pueda aclarar\u201d.<\/p>\n<p>Por \u00faltimo, record\u00f3 que \u201c<strong>no es la primera vez que hay alg\u00fan tipo de mensaje<\/strong>, si es que a este hecho se le puede atribuir alg\u00fan tipo de mensaje mafioso, pero no es la primera vez que lo he sufrido\u201d, y dej\u00f3 que claro que \u201cde todas maneras, <strong>si este es un mensaje mafioso no hace cambiar mi t\u00f3nica, mi forma de trabajar y mis convicciones<\/strong>, sobre todo en materia de lucha contra el narcotr\u00e1fico\u201d.<\/p>\n<p><strong>Antecedentes<\/strong><\/p>\n<p>Hace tres a\u00f1os, el 7 de julio de 2019, el juez Alurralde se encontr\u00f3 con un mensaje mafioso cuando lleg\u00f3 a su despacho en el Juzgado Federal de Reconquista, ubicado sobre calle Belgrano. Arriba de su escritorio, al lado de su computadora de trabajo, yac\u00eda un p\u00e1jaro muerto. \u2018Est\u00e1 aplastado y puesto\u201d, dijo en aquel momento y no dud\u00f3 en calificarlo como un mensaje mafioso, aunque al igual que ahora asegur\u00f3 que \u201csi lo que buscan es amedrentarme, no lo van a conseguir\u201d.<\/p>\n<p>Con el edificio tribunalicio custodiado en forma ininterrumpida por Gendarmer\u00eda y la imposibilidad de que el p\u00e1jaro ingresara por la ventana (cuyos vidrios permanec\u00edan invariablemente cerrados) y muriera aplastado por su propia cuenta, la novedad trajo preocupaci\u00f3n en el fuero federal. Hasta la actualidad, ese suceso no fue esclarecido.<\/p>\n<p>A su vez, tres a\u00f1os antes, el 9 de julio de 2016 cuando el titular de fuero federal norte\u00f1o regresaba a su hogar en Nicanor Molinas, peque\u00f1o poblado enclavado 21 kil\u00f3metros al oeste de Reconquista por la Ruta Provincial 40 un veh\u00edculo se le puso a la par y sus ocupantes, tras bajar la ventanilla del acompa\u00f1ante, y le mostraron un arma en clara de se\u00f1al amenazante.<\/p>\n","protected":false},"excerpt":{"rendered":"<p>Est\u00e1 ubicada en la capital provincial. La puerta fue rota a golpes. El magistrado pidi\u00f3 que se esclarezca el hecho. No es la primera que es v\u00edctima de este tipo hechos. La puerta de la vivienda que el juez federal de Reconquista, Dr. Aldo Mario Alurralde, posee en la capital provincial amaneci\u00f3 sobre el final [&hellip;]<\/p>\n","protected":false},"author":3,"featured_media":36462,"comment_status":"closed","ping_status":"closed","sticky":false,"template":"","format":"standard","meta":{"_joinchat":[],"footnotes":""},"categories":[30,55],"tags":[],"class_list":{"0":"post-36461","1":"post","2":"type-post","3":"status-publish","4":"format-standard","5":"has-post-thumbnail","7":"category-policiales","8":"category-reconquista"},"_links":{"self":[{"href":"https:\/\/infovera.com.ar\/web\/wp-json\/wp\/v2\/posts\/36461","targetHints":{"allow":["GET"]}}],"collection":[{"href":"https:\/\/infovera.com.ar\/web\/wp-json\/wp\/v2\/posts"}],"about":[{"href":"https:\/\/infovera.com.ar\/web\/wp-json\/wp\/v2\/types\/post"}],"author":[{"embeddable":true,"href":"https:\/\/infovera.com.ar\/web\/wp-json\/wp\/v2\/users\/3"}],"replies":[{"embeddable":true,"href":"https:\/\/infovera.com.ar\/web\/wp-json\/wp\/v2\/comments?post=36461"}],"version-history":[{"count":0,"href":"https:\/\/infovera.com.ar\/web\/wp-json\/wp\/v2\/posts\/36461\/revisions"}],"wp:featuredmedia":[{"embeddable":true,"href":"https:\/\/infovera.com.ar\/web\/wp-json\/wp\/v2\/media\/36462"}],"wp:attachment":[{"href":"https:\/\/infovera.com.ar\/web\/wp-json\/wp\/v2\/media?parent=36461"}],"wp:term":[{"taxonomy":"category","embeddable":true,"href":"https:\/\/infovera.com.ar\/web\/wp-json\/wp\/v2\/categories?post=36461"},{"taxonomy":"post_tag","embeddable":true,"href":"https:\/\/infovera.com.ar\/web\/wp-json\/wp\/v2\/tags?post=36461"}],"curies":[{"name":"wp","href":"https:\/\/api.w.org\/{rel}","templated":true}]}}