{"id":36460,"date":"2022-07-04T18:27:34","date_gmt":"2022-07-04T21:27:34","guid":{"rendered":"https:\/\/infovera.com.ar\/web\/?p=36460"},"modified":"2022-07-06T09:09:34","modified_gmt":"2022-07-06T12:09:34","slug":"tartagal-denuncias-cruzadas-tras-agresion-a-un-asistente-escolar-luego-de-un-supuesto-destrato-a-un-chico-autista","status":"publish","type":"post","link":"https:\/\/infovera.com.ar\/web\/2022\/07\/04\/tartagal-denuncias-cruzadas-tras-agresion-a-un-asistente-escolar-luego-de-un-supuesto-destrato-a-un-chico-autista\/","title":{"rendered":"Tartagal: denuncias cruzadas tras agresi\u00f3n a un asistente escolar luego de un supuesto destrato a un chico autista"},"content":{"rendered":"<p><strong>La Escuela N\u00ba 6072 de Tartagal fue escenario de una pelea entre una madre y un auxiliar de cocina. Denuncias por maltratos y agresiones.<\/strong><\/p>\n<p>El establecimiento educativo primario de jornada completa &#8220;Herbert Spencer&#8221; de la localidad de Tartagal se vio envuelto en una <strong>encendida reyerta entre la madre de un alumno y un asistente escolar<\/strong> que se desempe\u00f1a en el sector de economato.<\/p>\n<p>Tal como relat\u00f3 Laura Cabrera a <strong>InfoVera<\/strong>, el mi\u00e9rcoles pasado su hijo de 8 a\u00f1os concurri\u00f3 a la escuela como lo hace habitualmente, pero al momento en que estaba almorzando junto a sus compa\u00f1eros fue, supuestamente, reprendido por un asistente escolar identificado como A. L., de profesi\u00f3n ayudante de cocina.<\/p>\n<p>&#8220;Mi hijo se sienta en una punta de la mesa con los de jard\u00edn de infantes y \u00e9l fue y lo sac\u00f3. ni nene empez\u00f3 a gritar y a llorar, porque <strong>se pone mal cuando lo tratan mal, tiene un retraso madurativo y autismo<\/strong>&#8220;, cont\u00f3 esta mujer.<\/p>\n<p>&#8220;\u00c9l lo hizo enojar y lo le dio la comida porque <strong>dijo que mi nene le hab\u00eda faltado el respeto,<\/strong> me lo dijo en Direcci\u00f3n cuando yo me present\u00e9 el viernes porque me enter\u00e9 por otra se\u00f1ora lo que hab\u00eda pasado con Ema&#8221;, agreg\u00f3.<\/p>\n<p>Entonces, &#8220;lo llam\u00e9 a mi nene y le pregunt\u00e9 &#8216;qu\u00e9 te hicieron Ema&#8217;, y \u00e9l me dijo que el hombre lo ret\u00f3. Con eso me present\u00e9 el viernes y pregunt\u00e9 a los directores pero nadie sab\u00eda nada. Entonces ped\u00ed que lo llamen a Direcci\u00f3n y ah\u00ed, <strong>adelante m\u00edo, no me neg\u00f3 nada&#8221;<\/strong>, continu\u00f3, siguiendo con el hilo conductor de los hechos.<\/p>\n<p>Ah\u00ed fue &#8220;cuando le pregunt\u00e9 por qu\u00e9 le neg\u00f3 la comida y me dijo que porque mi hijo le falt\u00f3 el respeto. C\u00f3mo le va a faltar el respeto, Ema tiene 8 a\u00f1os. Cuando la directora le pregunt\u00f3 a la maestra reemplazante por este tema, dijo que s\u00ed, que hab\u00eda habido inconvenientes&#8221;,<\/p>\n<p>Luego de eso, sobrevendr\u00eda el momento m\u00e1s \u00e1lgido: &#8220;Yo le ped\u00ed explicaciones porque no pod\u00eda entender por qu\u00e9 le hab\u00eda hecho eso. Mi hijo lleva un tupper y siempre le dan la comida cuando sobra y \u00e9l trae la comida. Le dije entonces &#8216;por qu\u00e9 no le diste la comida&#8217; si hab\u00eda comida. Ah\u00ed fue cuando <strong>me dijo que prefer\u00eda tirarle la comida a los perros antes que d\u00e1rsela a mi hijo&#8221;<\/strong>.<\/p>\n<p><strong>&#8220;Me perd\u00ed&#8221;<\/strong><\/p>\n<p>Sinceramente, expres\u00f3 Laura, en ese momento &#8220;la verdad es que me perd\u00ed, no se qu\u00e9 me pas\u00f3 pero <strong>le levant\u00e9 la mano y le pegu\u00e9 en la boca a este hombre<\/strong>. Hab\u00eda una abrochadora en la mesa, yo la agarr\u00e9, pero le pegu\u00e9 con la mano&#8221;.<\/p>\n<p>&#8220;Me doli\u00f3 y me sigue doliendo que haya dicho eso. El director le dijo que hay una acta que dice que cuando queda comida si los chicos quieren llevar, hay que d\u00e1rsela. Pero<strong> \u00e9l segu\u00eda diciendo que no, que prefer\u00eda tirarle a los perros&#8221;,<\/strong> asegur\u00f3.<\/p>\n<p>El enfrentamiento derivo en sendas denuncias cruzadas en sede policial. &#8220;\u00c9l no es ec\u00f3nomo, es ayudante, est\u00e1 con trabajos pasivos. <strong>Yo ya la hab\u00eda hecho una denuncia<\/strong> antes por insultos. Ahora <strong>\u00e9l me denunci\u00f3 por agresi\u00f3n en la comisar\u00eda&#8221;<\/strong>, admiti\u00f3, atribulada, Laura.<\/p>\n<p>En cuanto a la actuaci\u00f3n de la Direcci\u00f3n, esta madre cit\u00f3 que &#8220;en la escuela hay una acta que hicimos eso d\u00eda, donde yo ped\u00ed que pongan lo que me dijo de tirarle la comida a los perros, porque primero no quer\u00edan poner eso. <strong>En una injusticia lo que pasa en la escuela<\/strong>, quiero que se pongan en mi lugar de mam\u00e1&#8221;.<\/p>\n<p>En final de la entrevista, describi\u00f3 que el supuesto destrato al que habr\u00eda sido sometido su hijo afecta a\u00fan m\u00e1s la discapacidad que padece: &#8220;Emanuel tiene 8 a\u00f1os, yo dos a\u00f1os y medio me fui haciendo dedo a Intiyaco para llevarlo al psic\u00f3logo, psicopedagoda, fonoaudi\u00f3loga, terapista, y ahora viene este hombre y me lo vuelve a retrasar. <strong>El jueves y viernes se orin\u00f3 en la cama, no quiere ir a la escuela&#8221;<\/strong>.<\/p>\n<p><strong>Apoyo al agredido<\/strong><\/p>\n<p>En tanto, desde el espacio pol\u00edtico Acompa\u00f1ando Tartagal (relacionado al PJ local) expresaron su &#8220;apoyo ante lo sucedido al Sr. A. L., que ha sido agredido f\u00edsica y psicol\u00f3gicamente por dos mujeres, primero f\u00edsicamente y luego psicol\u00f3gicamente por quien deber\u00eda ser ejemplo y no agresora de las personas por su profesi\u00f3n m\u00e9dica&#8221;, en referencia a un audio privado que trascendi\u00f3. &#8220;Estamos en contra de toda agresi\u00f3n y a\u00fan m\u00e1s de los dichos homof\u00f3bicos en contra del agredido&#8221;, afirm\u00f3 el colectivo.<\/p>\n","protected":false},"excerpt":{"rendered":"<p>La Escuela N\u00ba 6072 de Tartagal fue escenario de una pelea entre una madre y un auxiliar de cocina. Denuncias por maltratos y agresiones. El establecimiento educativo primario de jornada completa &#8220;Herbert Spencer&#8221; de la localidad de Tartagal se vio envuelto en una encendida reyerta entre la madre de un alumno y un asistente escolar [&hellip;]<\/p>\n","protected":false},"author":3,"featured_media":36464,"comment_status":"closed","ping_status":"closed","sticky":false,"template":"","format":"standard","meta":{"_joinchat":[],"footnotes":""},"categories":[51],"tags":[],"class_list":{"0":"post-36460","1":"post","2":"type-post","3":"status-publish","4":"format-standard","5":"has-post-thumbnail","7":"category-locales"},"_links":{"self":[{"href":"https:\/\/infovera.com.ar\/web\/wp-json\/wp\/v2\/posts\/36460","targetHints":{"allow":["GET"]}}],"collection":[{"href":"https:\/\/infovera.com.ar\/web\/wp-json\/wp\/v2\/posts"}],"about":[{"href":"https:\/\/infovera.com.ar\/web\/wp-json\/wp\/v2\/types\/post"}],"author":[{"embeddable":true,"href":"https:\/\/infovera.com.ar\/web\/wp-json\/wp\/v2\/users\/3"}],"replies":[{"embeddable":true,"href":"https:\/\/infovera.com.ar\/web\/wp-json\/wp\/v2\/comments?post=36460"}],"version-history":[{"count":0,"href":"https:\/\/infovera.com.ar\/web\/wp-json\/wp\/v2\/posts\/36460\/revisions"}],"wp:featuredmedia":[{"embeddable":true,"href":"https:\/\/infovera.com.ar\/web\/wp-json\/wp\/v2\/media\/36464"}],"wp:attachment":[{"href":"https:\/\/infovera.com.ar\/web\/wp-json\/wp\/v2\/media?parent=36460"}],"wp:term":[{"taxonomy":"category","embeddable":true,"href":"https:\/\/infovera.com.ar\/web\/wp-json\/wp\/v2\/categories?post=36460"},{"taxonomy":"post_tag","embeddable":true,"href":"https:\/\/infovera.com.ar\/web\/wp-json\/wp\/v2\/tags?post=36460"}],"curies":[{"name":"wp","href":"https:\/\/api.w.org\/{rel}","templated":true}]}}