{"id":36440,"date":"2022-07-04T08:58:38","date_gmt":"2022-07-04T11:58:38","guid":{"rendered":"https:\/\/infovera.com.ar\/web\/?p=36440"},"modified":"2022-07-05T18:34:42","modified_gmt":"2022-07-05T21:34:42","slug":"intiyaco-celebro-129-de-vida-con-una-fiesta-imponente-en-homejaje-al-peon-de-campo","status":"publish","type":"post","link":"https:\/\/infovera.com.ar\/web\/2022\/07\/04\/intiyaco-celebro-129-de-vida-con-una-fiesta-imponente-en-homejaje-al-peon-de-campo\/","title":{"rendered":"Intiyaco celebr\u00f3 129 a\u00f1os de vida con una fiesta imponente en homenaje al pe\u00f3n de campo"},"content":{"rendered":"<p><strong>La Fiesta del Pueblo congreg\u00f3 a la comunidad en derredor de una fiesta multitudinaria, con espect\u00e1culos musicales para todos los gustos, doma y jineteada y feria de artesanos.<\/strong><\/p>\n<p>El discurso oficial del aniversario fue pronunciado por el presidente comunal Fernando Roda, en el palco donde ubicaron autoridades presentes y frente al p\u00fablico que se dio cita masivamente.<\/p>\n<p>El desfile c\u00edvico militar cont\u00f3 con el paso de la banderas de ceremonia, portadas por alumnos e intituciones de la localidad, y de personal de Los Pumas, el GOT de Vera, de los tropilleros y jinetes, todo al comp\u00e1s de la Banda de M\u00fasica y Guerra de la Tercera Brigada A\u00e9rea.<\/p>\n<p>En el escenario mayor se sucedieron los artistas de renombre como Pastor Luna, Sim\u00f3n de Jes\u00fas Palacios y La Contra.<\/p>\n<p><iframe loading=\"lazy\" title=\"Intiyaco celebr\u00f3 su 129 aniversario\" width=\"696\" height=\"392\" src=\"https:\/\/www.youtube.com\/embed\/MQcKgaoqHvk?feature=oembed\" frameborder=\"0\" allow=\"accelerometer; autoplay; clipboard-write; encrypted-media; gyroscope; picture-in-picture; web-share\" referrerpolicy=\"strict-origin-when-cross-origin\" allowfullscreen><\/iframe><\/p>\n","protected":false},"excerpt":{"rendered":"<p>La Fiesta del Pueblo congreg\u00f3 a la comunidad en derredor de una fiesta multitudinaria, con espect\u00e1culos musicales para todos los gustos, doma y jineteada y feria de artesanos. El discurso oficial del aniversario fue pronunciado por el presidente comunal Fernando Roda, en el palco donde ubicaron autoridades presentes y frente al p\u00fablico que se dio [&hellip;]<\/p>\n","protected":false},"author":3,"featured_media":36441,"comment_status":"closed","ping_status":"closed","sticky":false,"template":"","format":"standard","meta":{"_joinchat":[],"footnotes":""},"categories":[51],"tags":[],"class_list":{"0":"post-36440","1":"post","2":"type-post","3":"status-publish","4":"format-standard","5":"has-post-thumbnail","7":"category-locales"},"_links":{"self":[{"href":"https:\/\/infovera.com.ar\/web\/wp-json\/wp\/v2\/posts\/36440","targetHints":{"allow":["GET"]}}],"collection":[{"href":"https:\/\/infovera.com.ar\/web\/wp-json\/wp\/v2\/posts"}],"about":[{"href":"https:\/\/infovera.com.ar\/web\/wp-json\/wp\/v2\/types\/post"}],"author":[{"embeddable":true,"href":"https:\/\/infovera.com.ar\/web\/wp-json\/wp\/v2\/users\/3"}],"replies":[{"embeddable":true,"href":"https:\/\/infovera.com.ar\/web\/wp-json\/wp\/v2\/comments?post=36440"}],"version-history":[{"count":0,"href":"https:\/\/infovera.com.ar\/web\/wp-json\/wp\/v2\/posts\/36440\/revisions"}],"wp:featuredmedia":[{"embeddable":true,"href":"https:\/\/infovera.com.ar\/web\/wp-json\/wp\/v2\/media\/36441"}],"wp:attachment":[{"href":"https:\/\/infovera.com.ar\/web\/wp-json\/wp\/v2\/media?parent=36440"}],"wp:term":[{"taxonomy":"category","embeddable":true,"href":"https:\/\/infovera.com.ar\/web\/wp-json\/wp\/v2\/categories?post=36440"},{"taxonomy":"post_tag","embeddable":true,"href":"https:\/\/infovera.com.ar\/web\/wp-json\/wp\/v2\/tags?post=36440"}],"curies":[{"name":"wp","href":"https:\/\/api.w.org\/{rel}","templated":true}]}}