{"id":36397,"date":"2022-07-03T12:46:33","date_gmt":"2022-07-03T15:46:33","guid":{"rendered":"https:\/\/infovera.com.ar\/web\/?p=36397"},"modified":"2022-07-03T12:46:33","modified_gmt":"2022-07-03T15:46:33","slug":"es-de-los-amores-vive-en-vera-y-suena-con-llegar-a-gran-hermano-no-voy-a-hacer-amigos-solo-a-ganar","status":"publish","type":"post","link":"https:\/\/infovera.com.ar\/web\/2022\/07\/03\/es-de-los-amores-vive-en-vera-y-suena-con-llegar-a-gran-hermano-no-voy-a-hacer-amigos-solo-a-ganar\/","title":{"rendered":"Es de Los Amores, vive en Vera y sue\u00f1a con llegar a Gran Hermano: &#8220;No voy a hacer amigos, solo a ganar&#8221;"},"content":{"rendered":"<p><strong>Mart\u00edn Galarza, de 26 a\u00f1os y de profesi\u00f3n peluquero, dio a conocer su deseo de llegar a Gran Hermano.<\/strong><\/p>\n<p>Dice que &#8220;tiene una historia fuerte que contar&#8221; y quiere que se &#8220;conozca a Los Amores, y como nos tienen abandonados&#8221;.<\/p>\n<p>Pidi\u00f3 la ayuda de la gente del sur para poder ingresar al certamen televisivo.<\/p>\n<p>Es de Los Amores, pero hace 7 a\u00f1os que vive en Vera. Atiende junto a amigos un merendero del Movimiento Evita.<\/p>\n<div class=\"youtube-embed\" data-video_id=\"\"><iframe loading=\"lazy\" title=\"Desde Los Amores intenta llegar a Gran Hermano\" width=\"563\" height=\"1000\" src=\"https:\/\/www.youtube.com\/embed\/04MAQN5-aWM?feature=oembed&#038;enablejsapi=1\" frameborder=\"0\" allow=\"accelerometer; autoplay; clipboard-write; encrypted-media; gyroscope; picture-in-picture; web-share\" referrerpolicy=\"strict-origin-when-cross-origin\" allowfullscreen><\/iframe><\/div>\n","protected":false},"excerpt":{"rendered":"<p>Mart\u00edn Galarza, de 26 a\u00f1os y de profesi\u00f3n peluquero, dio a conocer su deseo de llegar a Gran Hermano. Dice que &#8220;tiene una historia fuerte que contar&#8221; y quiere que se &#8220;conozca a Los Amores, y como nos tienen abandonados&#8221;. Pidi\u00f3 la ayuda de la gente del sur para poder ingresar al certamen televisivo. Es [&hellip;]<\/p>\n","protected":false},"author":3,"featured_media":36398,"comment_status":"closed","ping_status":"closed","sticky":false,"template":"","format":"standard","meta":{"_joinchat":[],"footnotes":""},"categories":[53],"tags":[],"class_list":{"0":"post-36397","1":"post","2":"type-post","3":"status-publish","4":"format-standard","5":"has-post-thumbnail","7":"category-vera"},"_links":{"self":[{"href":"https:\/\/infovera.com.ar\/web\/wp-json\/wp\/v2\/posts\/36397","targetHints":{"allow":["GET"]}}],"collection":[{"href":"https:\/\/infovera.com.ar\/web\/wp-json\/wp\/v2\/posts"}],"about":[{"href":"https:\/\/infovera.com.ar\/web\/wp-json\/wp\/v2\/types\/post"}],"author":[{"embeddable":true,"href":"https:\/\/infovera.com.ar\/web\/wp-json\/wp\/v2\/users\/3"}],"replies":[{"embeddable":true,"href":"https:\/\/infovera.com.ar\/web\/wp-json\/wp\/v2\/comments?post=36397"}],"version-history":[{"count":0,"href":"https:\/\/infovera.com.ar\/web\/wp-json\/wp\/v2\/posts\/36397\/revisions"}],"wp:featuredmedia":[{"embeddable":true,"href":"https:\/\/infovera.com.ar\/web\/wp-json\/wp\/v2\/media\/36398"}],"wp:attachment":[{"href":"https:\/\/infovera.com.ar\/web\/wp-json\/wp\/v2\/media?parent=36397"}],"wp:term":[{"taxonomy":"category","embeddable":true,"href":"https:\/\/infovera.com.ar\/web\/wp-json\/wp\/v2\/categories?post=36397"},{"taxonomy":"post_tag","embeddable":true,"href":"https:\/\/infovera.com.ar\/web\/wp-json\/wp\/v2\/tags?post=36397"}],"curies":[{"name":"wp","href":"https:\/\/api.w.org\/{rel}","templated":true}]}}