{"id":36350,"date":"2022-06-30T13:40:19","date_gmt":"2022-06-30T16:40:19","guid":{"rendered":"https:\/\/infovera.com.ar\/web\/?p=36350"},"modified":"2022-07-01T19:42:22","modified_gmt":"2022-07-01T22:42:22","slug":"piden-dadores-de-sangre-para-un-joven-verense-internado-en-santa-fe","status":"publish","type":"post","link":"https:\/\/infovera.com.ar\/web\/2022\/06\/30\/piden-dadores-de-sangre-para-un-joven-verense-internado-en-santa-fe\/","title":{"rendered":"Piden dadores de sangre para un joven verense internado en Santa Fe"},"content":{"rendered":"<p><strong>Se trata de Ermelindo Ezequiel Romero.<\/strong><\/p>\n<p>El joven de 29 a\u00f1os permanece internado en el Hospital Iturraspe de Santa Fe, es sordomudo y padece c\u00e1ncer.<\/p>\n<p>&#8220;La est\u00e1 peleando&#8221;, dijo un familiar a este medio. Y apel\u00f3 a la solidaridad de la comunidad para conseguir dadores de sangre Factor A+.<\/p>\n<p>El pedido es de suma urgencia. Est\u00e1 internado en Sala de Adultos, Primer Piso, Sala 731, acompa\u00f1ado por su madre.<\/p>\n<p>&#8220;Somos gente de bajos recursos. Est\u00e1n solos all\u00e1, por favor, necesitamos de la solidaridad de todos ustedes&#8221;, expresaron sus allegados.<\/p>\n","protected":false},"excerpt":{"rendered":"<p>Se trata de Ermelindo Ezequiel Romero. El joven de 29 a\u00f1os permanece internado en el Hospital Iturraspe de Santa Fe, es sordomudo y padece c\u00e1ncer. &#8220;La est\u00e1 peleando&#8221;, dijo un familiar a este medio. Y apel\u00f3 a la solidaridad de la comunidad para conseguir dadores de sangre Factor A+. El pedido es de suma urgencia. [&hellip;]<\/p>\n","protected":false},"author":3,"featured_media":36351,"comment_status":"closed","ping_status":"closed","sticky":false,"template":"","format":"standard","meta":{"_joinchat":[],"footnotes":""},"categories":[53],"tags":[],"class_list":{"0":"post-36350","1":"post","2":"type-post","3":"status-publish","4":"format-standard","5":"has-post-thumbnail","7":"category-vera"},"_links":{"self":[{"href":"https:\/\/infovera.com.ar\/web\/wp-json\/wp\/v2\/posts\/36350","targetHints":{"allow":["GET"]}}],"collection":[{"href":"https:\/\/infovera.com.ar\/web\/wp-json\/wp\/v2\/posts"}],"about":[{"href":"https:\/\/infovera.com.ar\/web\/wp-json\/wp\/v2\/types\/post"}],"author":[{"embeddable":true,"href":"https:\/\/infovera.com.ar\/web\/wp-json\/wp\/v2\/users\/3"}],"replies":[{"embeddable":true,"href":"https:\/\/infovera.com.ar\/web\/wp-json\/wp\/v2\/comments?post=36350"}],"version-history":[{"count":0,"href":"https:\/\/infovera.com.ar\/web\/wp-json\/wp\/v2\/posts\/36350\/revisions"}],"wp:featuredmedia":[{"embeddable":true,"href":"https:\/\/infovera.com.ar\/web\/wp-json\/wp\/v2\/media\/36351"}],"wp:attachment":[{"href":"https:\/\/infovera.com.ar\/web\/wp-json\/wp\/v2\/media?parent=36350"}],"wp:term":[{"taxonomy":"category","embeddable":true,"href":"https:\/\/infovera.com.ar\/web\/wp-json\/wp\/v2\/categories?post=36350"},{"taxonomy":"post_tag","embeddable":true,"href":"https:\/\/infovera.com.ar\/web\/wp-json\/wp\/v2\/tags?post=36350"}],"curies":[{"name":"wp","href":"https:\/\/api.w.org\/{rel}","templated":true}]}}