{"id":36346,"date":"2022-06-29T15:04:50","date_gmt":"2022-06-29T18:04:50","guid":{"rendered":"https:\/\/infovera.com.ar\/web\/?p=36346"},"modified":"2022-06-29T15:04:50","modified_gmt":"2022-06-29T18:04:50","slug":"la-provincia-brindo-precisiones-sobre-el-acuerdo-con-la-nacion-para-el-pago-de-la-deuda-de-coparticipacion","status":"publish","type":"post","link":"https:\/\/infovera.com.ar\/web\/2022\/06\/29\/la-provincia-brindo-precisiones-sobre-el-acuerdo-con-la-nacion-para-el-pago-de-la-deuda-de-coparticipacion\/","title":{"rendered":"La provincia brind\u00f3 precisiones sobre el acuerdo con la Naci\u00f3n para el pago de la deuda de coparticipaci\u00f3n"},"content":{"rendered":"<p>En el Sal\u00f3n Blanco de Casa de Gobierno, el secretario de Justicia, Gabriel Somaglia; y el fiscal de Estado, Rub\u00e9n Weder; brindaron precisiones a legisladores provinciales sobre el acuerdo de la provincia con la Naci\u00f3n para el pago de la deuda de coparticipaci\u00f3n.<\/p>\n<p>El secretario de Justicia, Gabriel Somaglia; y el fiscal de Estado, Rub\u00e9n Weder; encabezaron este mi\u00e9rcoles un encuentro con legisladores provinciales para explicar los detalles del acuerdo de la provincia con la Naci\u00f3n para el pago de la deuda de coparticipaci\u00f3n.<\/p>\n<p>En la oportunidad, Somaglia sostuvo que &#8220;el objeto del encuentro con los legisladores que estuvieron presentes fue hacerles saber el estado de la negociaci\u00f3n actual y, sobre todo, algunos interrogantes planteados sobre facultades del Poder Ejecutivo para poder cerrar el convenio con Naci\u00f3n, tal como lo orden\u00f3 la Corte Suprema de Justicia de la Naci\u00f3n\u201d.<\/p>\n<p>\u201cLo que estamos en condiciones de afirmarles es la facultad total y \u00fanica del Poder Ejecutivo de la provincia en llevar adelante el acuerdo con la Naci\u00f3n . Ac\u00e1 no hay incumplimiento por parte de la provincia, la Corte dio un plazo y estamos dentro de los mismos que se vencen en el mes de julio. Si se vencen tampoco hay consecuencias negativas para el erario p\u00fabico, por cuanto esto queda abierto hasta que la Corte lo pueda validar&#8221;, manifest\u00f3 el secretario de Justicia.<\/p>\n<p>A su turno, el fiscal de Estado explic\u00f3 que \u201cestamos en el \u00e1mbito de la ejecuci\u00f3n de una sentencia que fue dictada en un proceso judicial en el a\u00f1o 2015 y que la Corte decidi\u00f3 reintegrarle a la provincia lo retenido a la provincia, en la forma y en los plazos que las partes acuerden. No hay una sentencia a dar sumas de dinero, sino a acordar entre las partes\u201d.<\/p>\n<p>\u201cDespu\u00e9s de analizar este tema en el marco de una ejecuci\u00f3n de sentencia y de que lo acordado tiene que pasar por un control de legalidad y de congruencia por parte de la Corte Suprema de Justicia Nacional, quien homologar\u00e1 lo que se acuerde, a partir de ah\u00ed, el inter\u00e9s p\u00fablico est\u00e1 garantizado por la decisi\u00f3n de la Corte\u201d, sostuvo Weder.<\/p>\n<p>\u201cEl antecedente inmediato que tiene la misma naturaleza -explic\u00f3 Weder-, es el caso de la deuda de San Luis, donde estaban en juego las mismas normas y la sentencia fue dictada el mismo d\u00eda que la de Santa Fe, que acord\u00f3 un pago en bonos\u201d.<\/p>\n<p>Somaglia sostuvo que \u201cno se trata de un contrato o un acuerdo donde alguien cede o alguien concede, ni hay quita de ninguna naturaleza ni resignaci\u00f3n de ninguna posici\u00f3n jur\u00eddica o econ\u00f3mica por parte del Estado de la provincia. Ac\u00e1 lo que se esta haciendo es cumplir una sentencia judicial, en la que la Corte ha marcado pautas y ha dejado en libertad a la Naci\u00f3n y a la Provincia, para poder acordar\u201d.<\/p>\n<p>\u201cUna vez que eso se acuerde, ser\u00e1 supervisado por la Corte en cuanto a la legitimidad de los firmantes. El Poder Ejecutivo, como representante de la provincia, es quien est\u00e1 facultado para llevar adelante la negociaci\u00f3n, as\u00ed lo marca la Constituci\u00f3n y son las atribuciones que cada uno de los poderes tienen y, en el caso de que se cerrara, a\u00fan por la Ley de la Fiscal\u00eda de Estado, el fiscal tiene facultades para firmar un acuerdo de estas caracter\u00edsticas\u201d, concluy\u00f3 el secretario de Justicia.<\/p>\n<p>&nbsp;<\/p>\n<p><strong>PRESENTES<\/strong><\/p>\n<p>De la actividad participaron la diputada Agustina Donnet, los diputados Oscar Mart\u00ednez y Ricardo Olivera, y los senadores Armando Traferri y Alcides Calvo.<\/p>\n","protected":false},"excerpt":{"rendered":"<p>En el Sal\u00f3n Blanco de Casa de Gobierno, el secretario de Justicia, Gabriel Somaglia; y el fiscal de Estado, Rub\u00e9n Weder; brindaron precisiones a legisladores provinciales sobre el acuerdo de la provincia con la Naci\u00f3n para el pago de la deuda de coparticipaci\u00f3n. El secretario de Justicia, Gabriel Somaglia; y el fiscal de Estado, Rub\u00e9n [&hellip;]<\/p>\n","protected":false},"author":3,"featured_media":36347,"comment_status":"closed","ping_status":"closed","sticky":false,"template":"","format":"standard","meta":{"_joinchat":[],"footnotes":""},"categories":[60],"tags":[],"class_list":{"0":"post-36346","1":"post","2":"type-post","3":"status-publish","4":"format-standard","5":"has-post-thumbnail","7":"category-provinciales"},"_links":{"self":[{"href":"https:\/\/infovera.com.ar\/web\/wp-json\/wp\/v2\/posts\/36346","targetHints":{"allow":["GET"]}}],"collection":[{"href":"https:\/\/infovera.com.ar\/web\/wp-json\/wp\/v2\/posts"}],"about":[{"href":"https:\/\/infovera.com.ar\/web\/wp-json\/wp\/v2\/types\/post"}],"author":[{"embeddable":true,"href":"https:\/\/infovera.com.ar\/web\/wp-json\/wp\/v2\/users\/3"}],"replies":[{"embeddable":true,"href":"https:\/\/infovera.com.ar\/web\/wp-json\/wp\/v2\/comments?post=36346"}],"version-history":[{"count":0,"href":"https:\/\/infovera.com.ar\/web\/wp-json\/wp\/v2\/posts\/36346\/revisions"}],"wp:featuredmedia":[{"embeddable":true,"href":"https:\/\/infovera.com.ar\/web\/wp-json\/wp\/v2\/media\/36347"}],"wp:attachment":[{"href":"https:\/\/infovera.com.ar\/web\/wp-json\/wp\/v2\/media?parent=36346"}],"wp:term":[{"taxonomy":"category","embeddable":true,"href":"https:\/\/infovera.com.ar\/web\/wp-json\/wp\/v2\/categories?post=36346"},{"taxonomy":"post_tag","embeddable":true,"href":"https:\/\/infovera.com.ar\/web\/wp-json\/wp\/v2\/tags?post=36346"}],"curies":[{"name":"wp","href":"https:\/\/api.w.org\/{rel}","templated":true}]}}