{"id":36341,"date":"2022-06-29T12:11:56","date_gmt":"2022-06-29T15:11:56","guid":{"rendered":"https:\/\/infovera.com.ar\/web\/?p=36341"},"modified":"2022-06-29T12:11:56","modified_gmt":"2022-06-29T15:11:56","slug":"renuncio-el-subjefe-de-policia-de-santa-fe-tras-el-escandalo-por-su-viaje-con-un-vehiculo-oficial","status":"publish","type":"post","link":"https:\/\/infovera.com.ar\/web\/2022\/06\/29\/renuncio-el-subjefe-de-policia-de-santa-fe-tras-el-escandalo-por-su-viaje-con-un-vehiculo-oficial\/","title":{"rendered":"Renunci\u00f3 el subjefe de polic\u00eda de Santa Fe tras el esc\u00e1ndalo por su viaje con un veh\u00edculo oficial"},"content":{"rendered":"<p><strong>Diego Germ\u00e1n Gonz\u00e1lez fue denunciado por utilizar un veh\u00edculo oficial para llevar a su hijo a una presentaci\u00f3n del DJ Hern\u00e1n Catt\u00e1neo en la ciudad de C\u00f3rdoba.<\/strong><\/p>\n<p>El subjefe de polic\u00eda de la provincia de Santa Fe, Diego Germ\u00e1n Gonz\u00e1lez, present\u00f3 su renuncia al cargo este mi\u00e9rcoles tras el esc\u00e1ndalo que provoc\u00f3 una denuncia p\u00fablica en la que se lo acus\u00f3 de haber utilizado un auto oficial para llevar a su hijo hasta el espacio donde se present\u00f3 el DJ Hern\u00e1n Catt\u00e1neo en la ciudad de C\u00f3rdoba.<\/p>\n<p>Ese episodio se registr\u00f3 en un fin de semana largo por los feriados del D\u00eda de la Bandera y la muerte de Mart\u00edn Miguel de G\u00fcemes. En esos d\u00edas, el DJ Hern\u00e1n Catt\u00e1neo se present\u00f3 en C\u00f3rdoba capital. Seg\u00fan se denunci\u00f3, en el marco de un viaje por cuestiones de trabajo Gonz\u00e1lez habr\u00eda utilizado una camioneta sin identificaci\u00f3n policial -pero que pertenece a la flota de veh\u00edculos oficiales del Ministerio de Seguridad- para llevar a su hijo.<\/p>\n<p>Poco despu\u00e9s, el ministro de Seguridad de Santa Fe, Jorge Lagna, ensay\u00f3 una defensa del oficial cuestionado, al se\u00f1alar que el viaje a C\u00f3rdoba de Gonz\u00e1lez estuvo vinculado a &#8220;cuestiones policiales&#8221; pero a la vez no pudo asegurar si el polic\u00eda fue o no al reciento donde se hac\u00eda la presentaci\u00f3n de Catt\u00e1neo.<\/p>\n<p>&#8220;Hay una cuesti\u00f3n estrictamente policial que tuvo que ver con ese viaje a C\u00f3rdoba. Las otras circunstancias no las conozco. No s\u00e9 si fue con sus hijos, fue a hacer un trabajo&#8221;, dijo Lagna cuando los medios de Santa Fe lo consultaron sobre esa cuesti\u00f3n. Lagna agreg\u00f3 que hasta estaba dispuesto a responder preguntas ante la Legislatura lo har\u00eda.<\/p>\n","protected":false},"excerpt":{"rendered":"<p>Diego Germ\u00e1n Gonz\u00e1lez fue denunciado por utilizar un veh\u00edculo oficial para llevar a su hijo a una presentaci\u00f3n del DJ Hern\u00e1n Catt\u00e1neo en la ciudad de C\u00f3rdoba. El subjefe de polic\u00eda de la provincia de Santa Fe, Diego Germ\u00e1n Gonz\u00e1lez, present\u00f3 su renuncia al cargo este mi\u00e9rcoles tras el esc\u00e1ndalo que provoc\u00f3 una denuncia p\u00fablica [&hellip;]<\/p>\n","protected":false},"author":3,"featured_media":36342,"comment_status":"closed","ping_status":"closed","sticky":false,"template":"","format":"standard","meta":{"_joinchat":[],"footnotes":""},"categories":[60],"tags":[],"class_list":{"0":"post-36341","1":"post","2":"type-post","3":"status-publish","4":"format-standard","5":"has-post-thumbnail","7":"category-provinciales"},"_links":{"self":[{"href":"https:\/\/infovera.com.ar\/web\/wp-json\/wp\/v2\/posts\/36341","targetHints":{"allow":["GET"]}}],"collection":[{"href":"https:\/\/infovera.com.ar\/web\/wp-json\/wp\/v2\/posts"}],"about":[{"href":"https:\/\/infovera.com.ar\/web\/wp-json\/wp\/v2\/types\/post"}],"author":[{"embeddable":true,"href":"https:\/\/infovera.com.ar\/web\/wp-json\/wp\/v2\/users\/3"}],"replies":[{"embeddable":true,"href":"https:\/\/infovera.com.ar\/web\/wp-json\/wp\/v2\/comments?post=36341"}],"version-history":[{"count":0,"href":"https:\/\/infovera.com.ar\/web\/wp-json\/wp\/v2\/posts\/36341\/revisions"}],"wp:featuredmedia":[{"embeddable":true,"href":"https:\/\/infovera.com.ar\/web\/wp-json\/wp\/v2\/media\/36342"}],"wp:attachment":[{"href":"https:\/\/infovera.com.ar\/web\/wp-json\/wp\/v2\/media?parent=36341"}],"wp:term":[{"taxonomy":"category","embeddable":true,"href":"https:\/\/infovera.com.ar\/web\/wp-json\/wp\/v2\/categories?post=36341"},{"taxonomy":"post_tag","embeddable":true,"href":"https:\/\/infovera.com.ar\/web\/wp-json\/wp\/v2\/tags?post=36341"}],"curies":[{"name":"wp","href":"https:\/\/api.w.org\/{rel}","templated":true}]}}