{"id":36311,"date":"2022-06-28T20:43:31","date_gmt":"2022-06-28T23:43:31","guid":{"rendered":"https:\/\/infovera.com.ar\/web\/?p=36311"},"modified":"2022-06-30T18:28:19","modified_gmt":"2022-06-30T21:28:19","slug":"se-consagraron-campeonas-de-la-copa-130-aniversario-de-vera-pero-tuvieron-que-viajar-a-dedo","status":"publish","type":"post","link":"https:\/\/infovera.com.ar\/web\/2022\/06\/28\/se-consagraron-campeonas-de-la-copa-130-aniversario-de-vera-pero-tuvieron-que-viajar-a-dedo\/","title":{"rendered":"Se consagraron campeonas de la Copa &#8220;130 Aniversario de Vera&#8221; pero, para poder jugar, tuvieron que viajar a dedo"},"content":{"rendered":"<p><strong>Las Lobas de Calchaqu\u00ed obtuvieron el primer puesto en el torneo de voley femenino que se disput\u00f3 en el marco del 130 Aniversario de la ciudad de Vera.<\/strong><\/p>\n<p>El equipo de Calchaqu\u00ed se consagr\u00f3 invicto tras ganar todos los partidos. Primero gan\u00f3 la zona clasificatoria y desde ah\u00ed salt\u00f3 directamenente a la semifinal donde se impus\u00f3 por 2 a 0 (20-3 y 30-7)\u00a0al Centro Recreativo Calchaqu\u00ed, en el cl\u00e1sico.<\/p>\n<p>En la final fueron implacables y lograron la Copa en base al triunfo por 2 a 0 a Mitre de La Gallareta.<\/p>\n<p>Pese a la felicidad por el primer puesto y a haber representado tan bien a su ciudad, La Lobas lamentaron que, otra vez, tuvieron que viajar &#8220;a dedo&#8221; para poder participar del torneo.<\/p>\n<p>Es que sin contar con ayuda ni asistencia para solventar los gastos de movilizarse, de inscripci\u00f3n, indumentaria -sin sumar el alquiler de 12.000 del lugar donde entrenan -, se hace dif\u00edcil y peligroso que tengan que depender de que alguien las lleve para poder competir.<\/p>\n<p>Adem\u00e1s, Las Lobas hace tiempo que vienen jugando y ganando torneos en base a un entrenamiento a conciencia y mejoramiento de sus condiciones f\u00edsicas y t\u00e9cnicas. Tanto es as\u00ed que desde pueblos y ciudades m\u00e1s alejadas de la provincia son permanentemente invitadas a sumarse competiciones de nivel.<\/p>\n<p>En di\u00e1logo con <strong>InfoVera<\/strong> dijeron estar contentas por los logros y reconocimientos, y que esperan que desde los \u00e1mbitos oficiales de pueda llegar la ayuda econ\u00f3mica que necesitan. Promesas tuvieron muchas, pero en la realidad nunca se cumplieron&#8230;<\/p>\n","protected":false},"excerpt":{"rendered":"<p>Las Lobas de Calchaqu\u00ed obtuvieron el primer puesto en el torneo de voley femenino que se disput\u00f3 en el marco del 130 Aniversario de la ciudad de Vera. El equipo de Calchaqu\u00ed se consagr\u00f3 invicto tras ganar todos los partidos. Primero gan\u00f3 la zona clasificatoria y desde ah\u00ed salt\u00f3 directamenente a la semifinal donde se [&hellip;]<\/p>\n","protected":false},"author":3,"featured_media":36312,"comment_status":"closed","ping_status":"closed","sticky":false,"template":"","format":"standard","meta":{"_joinchat":[],"footnotes":""},"categories":[52,31],"tags":[],"class_list":{"0":"post-36311","1":"post","2":"type-post","3":"status-publish","4":"format-standard","5":"has-post-thumbnail","7":"category-calchaqui","8":"category-deportes"},"_links":{"self":[{"href":"https:\/\/infovera.com.ar\/web\/wp-json\/wp\/v2\/posts\/36311","targetHints":{"allow":["GET"]}}],"collection":[{"href":"https:\/\/infovera.com.ar\/web\/wp-json\/wp\/v2\/posts"}],"about":[{"href":"https:\/\/infovera.com.ar\/web\/wp-json\/wp\/v2\/types\/post"}],"author":[{"embeddable":true,"href":"https:\/\/infovera.com.ar\/web\/wp-json\/wp\/v2\/users\/3"}],"replies":[{"embeddable":true,"href":"https:\/\/infovera.com.ar\/web\/wp-json\/wp\/v2\/comments?post=36311"}],"version-history":[{"count":0,"href":"https:\/\/infovera.com.ar\/web\/wp-json\/wp\/v2\/posts\/36311\/revisions"}],"wp:featuredmedia":[{"embeddable":true,"href":"https:\/\/infovera.com.ar\/web\/wp-json\/wp\/v2\/media\/36312"}],"wp:attachment":[{"href":"https:\/\/infovera.com.ar\/web\/wp-json\/wp\/v2\/media?parent=36311"}],"wp:term":[{"taxonomy":"category","embeddable":true,"href":"https:\/\/infovera.com.ar\/web\/wp-json\/wp\/v2\/categories?post=36311"},{"taxonomy":"post_tag","embeddable":true,"href":"https:\/\/infovera.com.ar\/web\/wp-json\/wp\/v2\/tags?post=36311"}],"curies":[{"name":"wp","href":"https:\/\/api.w.org\/{rel}","templated":true}]}}