{"id":36308,"date":"2022-06-28T13:38:15","date_gmt":"2022-06-28T16:38:15","guid":{"rendered":"https:\/\/infovera.com.ar\/web\/?p=36308"},"modified":"2022-06-28T13:38:15","modified_gmt":"2022-06-28T16:38:15","slug":"convenio-entre-el-municipio-y-el-colegio-superior-para-practicas","status":"publish","type":"post","link":"https:\/\/infovera.com.ar\/web\/2022\/06\/28\/convenio-entre-el-municipio-y-el-colegio-superior-para-practicas\/","title":{"rendered":"Convenio entre el municipio y el Colegio Superior para pr\u00e1cticas"},"content":{"rendered":"<div class=\"cxmmr5t8 oygrvhab hcukyx3x c1et5uql o9v6fnle ii04i59q\">\n<div dir=\"auto\">La Intendente Municipal, Ing. Paula Mitre, firm\u00f3 un convenio de pr\u00e1cticas profesionalizantes de la carrera T\u00e9cnico Superior en An\u00e1lisis Funcional de Sistemas inform\u00e1ticos del Colegio Superior N\u00b0 42 \u201cAgust\u00edn Luis Rossi\u201d.<\/div>\n<\/div>\n<div dir=\"auto\"><\/div>\n<div dir=\"auto\"><\/div>\n<div class=\"cxmmr5t8 oygrvhab hcukyx3x c1et5uql o9v6fnle ii04i59q\">\n<div dir=\"auto\">La Intendente expres\u00f3 \u201cla firma de estos convenios resaltan el compromiso que tiene la Municipalidad de Vera con sus instituciones. Este convenio marco permitir\u00e1 a los estudiantes de esta carrera coordinar y ejecutar un plan de pr\u00e1cticas, junto a la Oficina Municipal de Empleo\u201d.<\/div>\n<\/div>\n<div dir=\"auto\"><\/div>\n<div dir=\"auto\"><\/div>\n<div class=\"cxmmr5t8 oygrvhab hcukyx3x c1et5uql o9v6fnle ii04i59q\">\n<div dir=\"auto\">Participaron de la r\u00fabrica, la Profesora Mar\u00eda Cristina Wekid, Regente del Instituto, Profesoras Anal\u00eda Mart\u00ednez y Graciela Sarramona a cargo del Taller y los alumnos de ese espacio.<\/div>\n<\/div>\n","protected":false},"excerpt":{"rendered":"<p>La Intendente Municipal, Ing. Paula Mitre, firm\u00f3 un convenio de pr\u00e1cticas profesionalizantes de la carrera T\u00e9cnico Superior en An\u00e1lisis Funcional de Sistemas inform\u00e1ticos del Colegio Superior N\u00b0 42 \u201cAgust\u00edn Luis Rossi\u201d. La Intendente expres\u00f3 \u201cla firma de estos convenios resaltan el compromiso que tiene la Municipalidad de Vera con sus instituciones. Este convenio marco permitir\u00e1 [&hellip;]<\/p>\n","protected":false},"author":3,"featured_media":36309,"comment_status":"closed","ping_status":"closed","sticky":false,"template":"","format":"standard","meta":{"_joinchat":[],"footnotes":""},"categories":[51],"tags":[],"class_list":{"0":"post-36308","1":"post","2":"type-post","3":"status-publish","4":"format-standard","5":"has-post-thumbnail","7":"category-locales"},"_links":{"self":[{"href":"https:\/\/infovera.com.ar\/web\/wp-json\/wp\/v2\/posts\/36308","targetHints":{"allow":["GET"]}}],"collection":[{"href":"https:\/\/infovera.com.ar\/web\/wp-json\/wp\/v2\/posts"}],"about":[{"href":"https:\/\/infovera.com.ar\/web\/wp-json\/wp\/v2\/types\/post"}],"author":[{"embeddable":true,"href":"https:\/\/infovera.com.ar\/web\/wp-json\/wp\/v2\/users\/3"}],"replies":[{"embeddable":true,"href":"https:\/\/infovera.com.ar\/web\/wp-json\/wp\/v2\/comments?post=36308"}],"version-history":[{"count":0,"href":"https:\/\/infovera.com.ar\/web\/wp-json\/wp\/v2\/posts\/36308\/revisions"}],"wp:featuredmedia":[{"embeddable":true,"href":"https:\/\/infovera.com.ar\/web\/wp-json\/wp\/v2\/media\/36309"}],"wp:attachment":[{"href":"https:\/\/infovera.com.ar\/web\/wp-json\/wp\/v2\/media?parent=36308"}],"wp:term":[{"taxonomy":"category","embeddable":true,"href":"https:\/\/infovera.com.ar\/web\/wp-json\/wp\/v2\/categories?post=36308"},{"taxonomy":"post_tag","embeddable":true,"href":"https:\/\/infovera.com.ar\/web\/wp-json\/wp\/v2\/tags?post=36308"}],"curies":[{"name":"wp","href":"https:\/\/api.w.org\/{rel}","templated":true}]}}