{"id":36295,"date":"2022-06-28T12:15:11","date_gmt":"2022-06-28T15:15:11","guid":{"rendered":"https:\/\/infovera.com.ar\/web\/?p=36295"},"modified":"2022-06-28T12:15:11","modified_gmt":"2022-06-28T15:15:11","slug":"vicentin-se-mete-al-lodo-contrata-a-gil-lavedra-para-reflotar-el-concurso","status":"publish","type":"post","link":"https:\/\/infovera.com.ar\/web\/2022\/06\/28\/vicentin-se-mete-al-lodo-contrata-a-gil-lavedra-para-reflotar-el-concurso\/","title":{"rendered":"Vicentin se mete al lodo: contrata a Gil Lavedra para reflotar el concurso"},"content":{"rendered":"<p>Vicentin intenta reaccionar del golpe que signific\u00f3 que el presidente de la Corte Suprema de esta provincia, Rafael Guti\u00e9rrez, suspendiera el concurso preventivo que, sostienen en la firma, estaba a punto de lograr el acuerdo de pago por la deuda de 1.500 millones de d\u00f3lares. Para eso contrat\u00f3 como apoderado al radical Ricardo Gil Lavedra, quien plante\u00f3 ante la Corte la revocatoria de la medida y que el expediente vuelva al juez del concurso, Fabi\u00e1n Lorenzini.<\/p>\n<p>La cerealera ley\u00f3 que la politizaci\u00f3n del caso es lo que se viene en la novela, por eso eligi\u00f3 al constitucionalista, de fuertes v\u00ednculos pol\u00edticos y judiciales, como apoderado y junto al patrocinio del estudio jur\u00eddico santafesino de Maximiliano Toricelli. El pol\u00edtico vinculado a Juntos por el Cambio (JxC) es el flamante presidente del Colegio P\u00fablico de Abogados de la Capital Federal, cargo que le da inter\u00e9s en el Consejo de la Magistratura. Vale recordar que tuvo la representaci\u00f3n de la Administraci\u00f3n Federal de Ingresos P\u00fablicos (AFIP) en la causa penal sobre la empresa petrolera Oil Combustibles del empresario Crist\u00f3bal L\u00f3pez.<\/p>\n<p>En su primera intervenci\u00f3n ya sale con los tapones de punta y sostiene que con la salida jur\u00eddica de cramdown que plante\u00f3 el presidente Alberto Fern\u00e1ndez, la operatividad se interrumpir\u00eda y \u201cno se podr\u00e1n pagar sueldos, impuestos ni ninguna otra obligaci\u00f3n\u201d. Cuando el Gobierno avanz\u00f3 en 2020 con la intervenci\u00f3n y expropiaci\u00f3n, el radical se opuso y dijo que no hab\u00eda razones que sustenten la decisi\u00f3n. &#8220;Es un error porque en definitiva el Estado va a asumir los millones de d\u00f3lares que debe esta empresa\u201d, hab\u00eda dicho.<\/p>\n<p>La Corte a\u00fan no se aboc\u00f3, sino que el presidente de la Corte, mediante un decreto, acept\u00f3 el pedido de avocaci\u00f3n del acreedor Commodities, del Grupo Grassi, y orden\u00f3 congelar los plazos del proceso concursal y solicit\u00f3 la remisi\u00f3n del expediente. Sin embargo, f\u00e1cticamente la suspensi\u00f3n est\u00e1 en marcha. \u201cVenimos por el presente a notificarnos de la existencia del mismo, a\u00fan cuando ignoramos su contenido\u201d, sostiene Gil Lavedra en el escrito con el que pretende que, \u201cpor decisi\u00f3n del cuerpo en pleno, se revoque dicho decreto, se devuelvan los autos principales al juzgado de origen, se deje sin efecto la suspensi\u00f3n ( \u2026) y que no haga lugar al pedido de avocaci\u00f3n\u201d. Plantea que el proceso concursal \u201cest\u00e1 rodeado de todas las garant\u00edas necesarias para ser llevado adelante\u201d.<\/p>\n<p>De paso, le tira con todo a Commodities, quien cuestiona la transparencia del concurso y algunas decisiones del juez Lorenzini, puntualmente la venta de acciones a la aceitera Renova, algo que no puede hacer por existir una cautelar en el medio. En el escrito fundamenta que \u201cla eventual venta se encuentra sujeta a la aprobaci\u00f3n en el concurso\u201d, y que, adem\u00e1s, fue aprobada por el s\u00edndico y el interventor.<\/p>\n<p>Habla de \u201cgroseras falsedades que contendr\u00eda el escrito\u201d por el cual pidi\u00f3 que la Corte intervenga y, adem\u00e1s, entiende que la firma \u201cintenta involucrar a Vuestra Excelencia (la Corte) en un verdadero dislate\u201d. Tambi\u00e9n intenta presionar al Tribunal: dice que \u201ccarece de toda facultad constitucional y legal para inmiscuirse\u201d y que \u201cpretender hacerlo constituir\u00eda un acto de gravedad institucional inusitado\u201d.<\/p>\n","protected":false},"excerpt":{"rendered":"<p>Vicentin intenta reaccionar del golpe que signific\u00f3 que el presidente de la Corte Suprema de esta provincia, Rafael Guti\u00e9rrez, suspendiera el concurso preventivo que, sostienen en la firma, estaba a punto de lograr el acuerdo de pago por la deuda de 1.500 millones de d\u00f3lares. Para eso contrat\u00f3 como apoderado al radical Ricardo Gil Lavedra, [&hellip;]<\/p>\n","protected":false},"author":3,"featured_media":36296,"comment_status":"closed","ping_status":"closed","sticky":false,"template":"","format":"standard","meta":{"_joinchat":[],"footnotes":""},"categories":[55],"tags":[],"class_list":{"0":"post-36295","1":"post","2":"type-post","3":"status-publish","4":"format-standard","5":"has-post-thumbnail","7":"category-reconquista"},"_links":{"self":[{"href":"https:\/\/infovera.com.ar\/web\/wp-json\/wp\/v2\/posts\/36295","targetHints":{"allow":["GET"]}}],"collection":[{"href":"https:\/\/infovera.com.ar\/web\/wp-json\/wp\/v2\/posts"}],"about":[{"href":"https:\/\/infovera.com.ar\/web\/wp-json\/wp\/v2\/types\/post"}],"author":[{"embeddable":true,"href":"https:\/\/infovera.com.ar\/web\/wp-json\/wp\/v2\/users\/3"}],"replies":[{"embeddable":true,"href":"https:\/\/infovera.com.ar\/web\/wp-json\/wp\/v2\/comments?post=36295"}],"version-history":[{"count":0,"href":"https:\/\/infovera.com.ar\/web\/wp-json\/wp\/v2\/posts\/36295\/revisions"}],"wp:featuredmedia":[{"embeddable":true,"href":"https:\/\/infovera.com.ar\/web\/wp-json\/wp\/v2\/media\/36296"}],"wp:attachment":[{"href":"https:\/\/infovera.com.ar\/web\/wp-json\/wp\/v2\/media?parent=36295"}],"wp:term":[{"taxonomy":"category","embeddable":true,"href":"https:\/\/infovera.com.ar\/web\/wp-json\/wp\/v2\/categories?post=36295"},{"taxonomy":"post_tag","embeddable":true,"href":"https:\/\/infovera.com.ar\/web\/wp-json\/wp\/v2\/tags?post=36295"}],"curies":[{"name":"wp","href":"https:\/\/api.w.org\/{rel}","templated":true}]}}