{"id":36228,"date":"2022-06-24T12:14:46","date_gmt":"2022-06-24T15:14:46","guid":{"rendered":"https:\/\/infovera.com.ar\/web\/?p=36228"},"modified":"2022-06-27T08:35:49","modified_gmt":"2022-06-27T11:35:49","slug":"allanaron-la-casa-de-caio-ortiz-en-una-investigacion-por-droga-quedo-detenido","status":"publish","type":"post","link":"https:\/\/infovera.com.ar\/web\/2022\/06\/24\/allanaron-la-casa-de-caio-ortiz-en-una-investigacion-por-droga-quedo-detenido\/","title":{"rendered":"Allanaron la casa de &#8220;Caio&#8221; Ortiz en una investigaci\u00f3n por droga: qued\u00f3 detenido"},"content":{"rendered":"<p><strong>En el d\u00eda de la fecha, personal de la Brigada Operativa Antinarc\u00f3tica XIX de la Agencia de Investigaci\u00f3n Criminal &#8211; Policia de la Provincia de Santa Fe-<\/strong> procedi\u00f3 a dar cumplimiento a la orden de allanamiento librada -en el marco de una causa por infracci\u00f3n a la ley de estupefacientes- por el juez federal de Reconquista, Dr. Aldo Mario Alurralde logr\u00e1ndose incautar elementos de inter\u00e9s a la causa, entre los que se pueden destacar:<\/p>\n<p>\u300buna balanza digital de precisi\u00f3n con vestigios de coca\u00edna;<br \/>\n\u300bun plato y un cuchillo con vestigios de coca\u00edna;<br \/>\n\u300bVarios Recortes de nylon de color negro<br \/>\n\u300b7 tel\u00e9fonos celulares;<br \/>\n\u300bDinero en efectivo que se encontraba junto a la balanza y los recortes de nylon mencionados<\/p>\n<p>El domicilio allanado se encuentra situado en el barrio Centro de Vera, y corresponde al investigado Claudio Nicolas Emanuel &#8220;Hormiga&#8221; Ortiz, alias &#8220;Caio&#8221;, quien qued\u00f3 detenido y a disposici\u00f3n del magistrado federal de Reconquista para ser indagado el pr\u00f3ximo lunes 27 de junio.<\/p>\n<p><a href=\"https:\/\/infovera.com.ar\/web\/wp-content\/uploads\/2022\/06\/9-1.jpg\"><img loading=\"lazy\" decoding=\"async\" class=\"alignleft size-large wp-image-36230\" src=\"https:\/\/infovera.com.ar\/web\/wp-content\/uploads\/2022\/06\/9-1-1024x724.jpg\" alt=\"\" width=\"696\" height=\"492\" srcset=\"https:\/\/infovera.com.ar\/web\/wp-content\/uploads\/2022\/06\/9-1-1024x724.jpg 1024w, https:\/\/infovera.com.ar\/web\/wp-content\/uploads\/2022\/06\/9-1-300x212.jpg 300w, https:\/\/infovera.com.ar\/web\/wp-content\/uploads\/2022\/06\/9-1-768x543.jpg 768w, https:\/\/infovera.com.ar\/web\/wp-content\/uploads\/2022\/06\/9-1-1536x1086.jpg 1536w, https:\/\/infovera.com.ar\/web\/wp-content\/uploads\/2022\/06\/9-1-100x70.jpg 100w, https:\/\/infovera.com.ar\/web\/wp-content\/uploads\/2022\/06\/9-1-696x492.jpg 696w, https:\/\/infovera.com.ar\/web\/wp-content\/uploads\/2022\/06\/9-1-1068x755.jpg 1068w, https:\/\/infovera.com.ar\/web\/wp-content\/uploads\/2022\/06\/9-1-594x420.jpg 594w, https:\/\/infovera.com.ar\/web\/wp-content\/uploads\/2022\/06\/9-1.jpg 1600w\" sizes=\"auto, (max-width: 696px) 100vw, 696px\" \/><\/a> <a href=\"https:\/\/infovera.com.ar\/web\/wp-content\/uploads\/2022\/06\/10.jpg\"><img loading=\"lazy\" decoding=\"async\" class=\"alignleft size-large wp-image-36231\" src=\"https:\/\/infovera.com.ar\/web\/wp-content\/uploads\/2022\/06\/10-1024x724.jpg\" alt=\"\" width=\"696\" height=\"492\" srcset=\"https:\/\/infovera.com.ar\/web\/wp-content\/uploads\/2022\/06\/10-1024x724.jpg 1024w, https:\/\/infovera.com.ar\/web\/wp-content\/uploads\/2022\/06\/10-300x212.jpg 300w, https:\/\/infovera.com.ar\/web\/wp-content\/uploads\/2022\/06\/10-768x543.jpg 768w, https:\/\/infovera.com.ar\/web\/wp-content\/uploads\/2022\/06\/10-1536x1086.jpg 1536w, https:\/\/infovera.com.ar\/web\/wp-content\/uploads\/2022\/06\/10-100x70.jpg 100w, https:\/\/infovera.com.ar\/web\/wp-content\/uploads\/2022\/06\/10-696x492.jpg 696w, https:\/\/infovera.com.ar\/web\/wp-content\/uploads\/2022\/06\/10-1068x755.jpg 1068w, https:\/\/infovera.com.ar\/web\/wp-content\/uploads\/2022\/06\/10-594x420.jpg 594w, https:\/\/infovera.com.ar\/web\/wp-content\/uploads\/2022\/06\/10.jpg 1600w\" sizes=\"auto, (max-width: 696px) 100vw, 696px\" \/><\/a><\/p>\n","protected":false},"excerpt":{"rendered":"<p>En el d\u00eda de la fecha, personal de la Brigada Operativa Antinarc\u00f3tica XIX de la Agencia de Investigaci\u00f3n Criminal &#8211; Policia de la Provincia de Santa Fe- procedi\u00f3 a dar cumplimiento a la orden de allanamiento librada -en el marco de una causa por infracci\u00f3n a la ley de estupefacientes- por el juez federal de [&hellip;]<\/p>\n","protected":false},"author":3,"featured_media":36229,"comment_status":"closed","ping_status":"closed","sticky":false,"template":"","format":"standard","meta":{"_joinchat":[],"footnotes":""},"categories":[30,53],"tags":[],"class_list":{"0":"post-36228","1":"post","2":"type-post","3":"status-publish","4":"format-standard","5":"has-post-thumbnail","7":"category-policiales","8":"category-vera"},"_links":{"self":[{"href":"https:\/\/infovera.com.ar\/web\/wp-json\/wp\/v2\/posts\/36228","targetHints":{"allow":["GET"]}}],"collection":[{"href":"https:\/\/infovera.com.ar\/web\/wp-json\/wp\/v2\/posts"}],"about":[{"href":"https:\/\/infovera.com.ar\/web\/wp-json\/wp\/v2\/types\/post"}],"author":[{"embeddable":true,"href":"https:\/\/infovera.com.ar\/web\/wp-json\/wp\/v2\/users\/3"}],"replies":[{"embeddable":true,"href":"https:\/\/infovera.com.ar\/web\/wp-json\/wp\/v2\/comments?post=36228"}],"version-history":[{"count":0,"href":"https:\/\/infovera.com.ar\/web\/wp-json\/wp\/v2\/posts\/36228\/revisions"}],"wp:featuredmedia":[{"embeddable":true,"href":"https:\/\/infovera.com.ar\/web\/wp-json\/wp\/v2\/media\/36229"}],"wp:attachment":[{"href":"https:\/\/infovera.com.ar\/web\/wp-json\/wp\/v2\/media?parent=36228"}],"wp:term":[{"taxonomy":"category","embeddable":true,"href":"https:\/\/infovera.com.ar\/web\/wp-json\/wp\/v2\/categories?post=36228"},{"taxonomy":"post_tag","embeddable":true,"href":"https:\/\/infovera.com.ar\/web\/wp-json\/wp\/v2\/tags?post=36228"}],"curies":[{"name":"wp","href":"https:\/\/api.w.org\/{rel}","templated":true}]}}