{"id":36214,"date":"2022-06-24T12:16:55","date_gmt":"2022-06-24T15:16:55","guid":{"rendered":"https:\/\/infovera.com.ar\/web\/?p=36214"},"modified":"2022-06-27T08:35:27","modified_gmt":"2022-06-27T11:35:27","slug":"estamos-cansados-de-avisar-lo-unico-que-hacen-es-echar-tierra-preocupacion-por-el-estado-del-camino-a-caraguatay","status":"publish","type":"post","link":"https:\/\/infovera.com.ar\/web\/2022\/06\/24\/estamos-cansados-de-avisar-lo-unico-que-hacen-es-echar-tierra-preocupacion-por-el-estado-del-camino-a-caraguatay\/","title":{"rendered":"&#8220;Estamos cansados de avisar, lo \u00fanico que hacen es echar tierra&#8221;: preocupaci\u00f3n por el estado del camino a Caraguatay"},"content":{"rendered":"<p><strong>Una vecina del paraje rural se comunic\u00f3 con InfoVera para exponer el preocupante estado de un puente sobre el camino que conecta a lugar con Vera.<\/strong><\/p>\n<p>&#8220;Soy vecina de Caraguatay, as\u00ed est\u00e1 nuestro camino, muy peligroso para pasar&#8221;, manifest\u00f3, y grafic\u00f3 con el env\u00edo de fotos.<\/p>\n<p>&#8220;Estamos cansados de avisar y lo \u00fanico que hacen es echar tierra&#8221;, protest\u00f3, en tanto advirti\u00f3 que &#8220;cada vez se deteriora m\u00e1s y es muy peligroso&#8221;.<\/p>\n<p>Seguidamente, se esperanz\u00f3 en que &#8220;a ver si a trav\u00e9s de ustedes las autoridades a quien corresponde, nos escuches y nos den soluci\u00f3n, ya que por este camino transitamos vecinos, docentes, alumnos&#8221;.<\/p>\n<p>&nbsp;<\/p>\n<div id='gallery-1' class='gallery galleryid-36214 gallery-columns-3 gallery-size-thumbnail'><figure class='gallery-item'>\n\t\t\t<div class='gallery-icon landscape'>\n\t\t\t\t<a href='https:\/\/infovera.com.ar\/web\/2022\/06\/24\/estamos-cansados-de-avisar-lo-unico-que-hacen-es-echar-tierra-preocupacion-por-el-estado-del-camino-a-caraguatay\/3-75\/'><img loading=\"lazy\" decoding=\"async\" width=\"150\" height=\"150\" src=\"https:\/\/infovera.com.ar\/web\/wp-content\/uploads\/2022\/06\/3-150x150.png\" class=\"attachment-thumbnail size-thumbnail\" alt=\"\" \/><\/a>\n\t\t\t<\/div><\/figure><figure class='gallery-item'>\n\t\t\t<div class='gallery-icon landscape'>\n\t\t\t\t<a href='https:\/\/infovera.com.ar\/web\/2022\/06\/24\/estamos-cansados-de-avisar-lo-unico-que-hacen-es-echar-tierra-preocupacion-por-el-estado-del-camino-a-caraguatay\/2-85\/'><img loading=\"lazy\" decoding=\"async\" width=\"150\" height=\"150\" src=\"https:\/\/infovera.com.ar\/web\/wp-content\/uploads\/2022\/06\/2-150x150.png\" class=\"attachment-thumbnail size-thumbnail\" alt=\"\" \/><\/a>\n\t\t\t<\/div><\/figure><figure class='gallery-item'>\n\t\t\t<div class='gallery-icon portrait'>\n\t\t\t\t<a href='https:\/\/infovera.com.ar\/web\/2022\/06\/24\/estamos-cansados-de-avisar-lo-unico-que-hacen-es-echar-tierra-preocupacion-por-el-estado-del-camino-a-caraguatay\/1-93\/'><img loading=\"lazy\" decoding=\"async\" width=\"150\" height=\"150\" src=\"https:\/\/infovera.com.ar\/web\/wp-content\/uploads\/2022\/06\/1-1-150x150.png\" class=\"attachment-thumbnail size-thumbnail\" alt=\"\" \/><\/a>\n\t\t\t<\/div><\/figure>\n\t\t<\/div>\n\n","protected":false},"excerpt":{"rendered":"<p>Una vecina del paraje rural se comunic\u00f3 con InfoVera para exponer el preocupante estado de un puente sobre el camino que conecta a lugar con Vera. &#8220;Soy vecina de Caraguatay, as\u00ed est\u00e1 nuestro camino, muy peligroso para pasar&#8221;, manifest\u00f3, y grafic\u00f3 con el env\u00edo de fotos. &#8220;Estamos cansados de avisar y lo \u00fanico que hacen [&hellip;]<\/p>\n","protected":false},"author":3,"featured_media":36215,"comment_status":"closed","ping_status":"closed","sticky":false,"template":"","format":"standard","meta":{"_joinchat":[],"footnotes":""},"categories":[53],"tags":[],"class_list":{"0":"post-36214","1":"post","2":"type-post","3":"status-publish","4":"format-standard","5":"has-post-thumbnail","7":"category-vera"},"_links":{"self":[{"href":"https:\/\/infovera.com.ar\/web\/wp-json\/wp\/v2\/posts\/36214","targetHints":{"allow":["GET"]}}],"collection":[{"href":"https:\/\/infovera.com.ar\/web\/wp-json\/wp\/v2\/posts"}],"about":[{"href":"https:\/\/infovera.com.ar\/web\/wp-json\/wp\/v2\/types\/post"}],"author":[{"embeddable":true,"href":"https:\/\/infovera.com.ar\/web\/wp-json\/wp\/v2\/users\/3"}],"replies":[{"embeddable":true,"href":"https:\/\/infovera.com.ar\/web\/wp-json\/wp\/v2\/comments?post=36214"}],"version-history":[{"count":0,"href":"https:\/\/infovera.com.ar\/web\/wp-json\/wp\/v2\/posts\/36214\/revisions"}],"wp:featuredmedia":[{"embeddable":true,"href":"https:\/\/infovera.com.ar\/web\/wp-json\/wp\/v2\/media\/36215"}],"wp:attachment":[{"href":"https:\/\/infovera.com.ar\/web\/wp-json\/wp\/v2\/media?parent=36214"}],"wp:term":[{"taxonomy":"category","embeddable":true,"href":"https:\/\/infovera.com.ar\/web\/wp-json\/wp\/v2\/categories?post=36214"},{"taxonomy":"post_tag","embeddable":true,"href":"https:\/\/infovera.com.ar\/web\/wp-json\/wp\/v2\/tags?post=36214"}],"curies":[{"name":"wp","href":"https:\/\/api.w.org\/{rel}","templated":true}]}}