{"id":36199,"date":"2022-06-24T09:05:47","date_gmt":"2022-06-24T12:05:47","guid":{"rendered":"https:\/\/infovera.com.ar\/web\/?p=36199"},"modified":"2022-06-24T09:05:47","modified_gmt":"2022-06-24T12:05:47","slug":"la-epe-registro-un-record-de-demanda-de-potencia-para-la-temporada-invernal","status":"publish","type":"post","link":"https:\/\/infovera.com.ar\/web\/2022\/06\/24\/la-epe-registro-un-record-de-demanda-de-potencia-para-la-temporada-invernal\/","title":{"rendered":"La EPE registr\u00f3 un r\u00e9cord de demanda de potencia para la temporada invernal"},"content":{"rendered":"<p>La Empresa Provincial de la Energ\u00eda (EPE) inform\u00f3 que este mi\u00e9rcoles se registr\u00f3 un r\u00e9cord hist\u00f3rico de demanda de potencia para un d\u00eda h\u00e1bil de invierno en el sistema el\u00e9ctrico santafesino, alcanzando los 2.127 MW a las 21 hs.<\/p>\n<p>Esta marca supera la anotada el 31 de mayo pasado, con 2.097 MW.<\/p>\n<p>Estos niveles se dan en un contexto de continuidad de jornadas con bajas temperaturas extremas, que exigen a las instalaciones que conforman el parque el\u00e9ctrico provincial: 75 estaciones transformadoras, m\u00e1s de 56.000 kil\u00f3metros de redes de alta, media y baja tensi\u00f3n, y m\u00e1s de 20.000 centros de transformaci\u00f3n urbanos y rurales, entre otros.<\/p>\n<p>Asimismo, en el Sistema Argentino de Interconexi\u00f3n (SADI) tambi\u00e9n se registr\u00f3 una marca in\u00e9dita de 26.025 MW.<\/p>\n","protected":false},"excerpt":{"rendered":"<p>La Empresa Provincial de la Energ\u00eda (EPE) inform\u00f3 que este mi\u00e9rcoles se registr\u00f3 un r\u00e9cord hist\u00f3rico de demanda de potencia para un d\u00eda h\u00e1bil de invierno en el sistema el\u00e9ctrico santafesino, alcanzando los 2.127 MW a las 21 hs. Esta marca supera la anotada el 31 de mayo pasado, con 2.097 MW. Estos niveles se [&hellip;]<\/p>\n","protected":false},"author":3,"featured_media":36200,"comment_status":"closed","ping_status":"closed","sticky":false,"template":"","format":"standard","meta":{"_joinchat":[],"footnotes":""},"categories":[60],"tags":[],"class_list":{"0":"post-36199","1":"post","2":"type-post","3":"status-publish","4":"format-standard","5":"has-post-thumbnail","7":"category-provinciales"},"_links":{"self":[{"href":"https:\/\/infovera.com.ar\/web\/wp-json\/wp\/v2\/posts\/36199","targetHints":{"allow":["GET"]}}],"collection":[{"href":"https:\/\/infovera.com.ar\/web\/wp-json\/wp\/v2\/posts"}],"about":[{"href":"https:\/\/infovera.com.ar\/web\/wp-json\/wp\/v2\/types\/post"}],"author":[{"embeddable":true,"href":"https:\/\/infovera.com.ar\/web\/wp-json\/wp\/v2\/users\/3"}],"replies":[{"embeddable":true,"href":"https:\/\/infovera.com.ar\/web\/wp-json\/wp\/v2\/comments?post=36199"}],"version-history":[{"count":0,"href":"https:\/\/infovera.com.ar\/web\/wp-json\/wp\/v2\/posts\/36199\/revisions"}],"wp:featuredmedia":[{"embeddable":true,"href":"https:\/\/infovera.com.ar\/web\/wp-json\/wp\/v2\/media\/36200"}],"wp:attachment":[{"href":"https:\/\/infovera.com.ar\/web\/wp-json\/wp\/v2\/media?parent=36199"}],"wp:term":[{"taxonomy":"category","embeddable":true,"href":"https:\/\/infovera.com.ar\/web\/wp-json\/wp\/v2\/categories?post=36199"},{"taxonomy":"post_tag","embeddable":true,"href":"https:\/\/infovera.com.ar\/web\/wp-json\/wp\/v2\/tags?post=36199"}],"curies":[{"name":"wp","href":"https:\/\/api.w.org\/{rel}","templated":true}]}}