{"id":36047,"date":"2022-06-17T13:18:17","date_gmt":"2022-06-17T16:18:17","guid":{"rendered":"https:\/\/infovera.com.ar\/web\/?p=36047"},"modified":"2022-06-17T13:18:17","modified_gmt":"2022-06-17T16:18:17","slug":"mirabella-sobre-el-aumento-del-corte-de-biocombustibles-es-una-decision-que-los-santafesinos-estabamos-esperando","status":"publish","type":"post","link":"https:\/\/infovera.com.ar\/web\/2022\/06\/17\/mirabella-sobre-el-aumento-del-corte-de-biocombustibles-es-una-decision-que-los-santafesinos-estabamos-esperando\/","title":{"rendered":"Mirabella, sobre el aumento del corte de biocombustibles: &#8220;es una decisi\u00f3n que los santafesinos est\u00e1bamos esperando&#8221;"},"content":{"rendered":"<p><i>El diputado destac\u00f3 la decisi\u00f3n anunciada por el presidente Fern\u00e1ndez y remarc\u00f3 que se trata de una medida clave para la econom\u00eda de Santa Fe y de todo el pa\u00eds. \u201cLa producci\u00f3n de biodiesel genera trabajo para las familias santafesinas, mueve la econom\u00eda y sustituye las importaciones de gasoil\u201d, detall\u00f3.<\/i><\/p>\n<p>El diputado nacional por Santa Fe, Roberto Mirabella, celebr\u00f3 el aumento en el corte de biodiesel anunciado por el poder ejecutivo nacional. \u201cEs una gran noticia que el gobierno nacional haya aceptado aumentar la participaci\u00f3n del biocombustible en la producci\u00f3n de gasoil. Es una decisi\u00f3n que los santafesinos est\u00e1bamos esperando y que venimos reclamando hace tiempo, porque impulsar\u00e1 una industria muy importante para nuestra provincia. Es un gran paso, pero esperemos que esto sea un piso para que de ac\u00e1 en adelante aumentemos todos los a\u00f1os el corte de biocombustible en el pa\u00eds\u201d, indic\u00f3 al respecto.<\/p>\n<p>\u201cSe trata de una medida clave para hacer frente a la escasez de gasoil que afecta a gran parte del pa\u00eds, que adem\u00e1s fomentar\u00e1 una industria de gran relevancia para la econom\u00eda santafesina y promover\u00e1 una alternativa sustentable en materia ambiental\u201d, remarc\u00f3 el legislador. \u201cM\u00e1s all\u00e1 de la coyuntura, creo que es crucial que sigamos por este camino. La producci\u00f3n de biodiesel genera trabajo para las familias santafesinas, mueve la econom\u00eda y sustituye las importaciones de gasoil. Adem\u00e1s, es una apuesta al futuro porque resulta una alternativa sustentable en materia ambiental. En este sentido, Santa Fe es un actor clave en la transici\u00f3n energ\u00e9tica\u201d, agreg\u00f3.<\/p>\n<p>\u201cEs importante se\u00f1alar que Santa Fe produce el 80% del total de biodi\u00e9sel del pa\u00eds y es la provincia con m\u00e1s industrias productoras de biocombustible. Medido en t\u00e9rminos petroleros, equivale a producir 58.000 barriles de petr\u00f3leo por d\u00eda, lo que convertir\u00eda a Santa Fe en la cuarta provincia productora de petr\u00f3leo de la Argentina, despu\u00e9s de Neuqu\u00e9n y Chubut y muy cerca de Mendoza\u201d, explic\u00f3 Mirabella. \u201cEsta medida genera un aumento en la producci\u00f3n y en la inversi\u00f3n en nuestra provincia. Significa m\u00e1s trabajo para las econom\u00edas santafesinas\u201d, detall\u00f3.<\/p>\n<p>Respecto a las cr\u00edticas que sostienen que la medida implicar\u00e1 un aumento en el precio del combustible, el diputado argument\u00f3: \u201cEl precio del biodiesel de junio, publicado por la Secretar\u00eda de Energ\u00eda y que se pag\u00f3 a las peque\u00f1as y medianas empresas que abastecen al corte fue, al tipo de cambio oficial, de 1516 d\u00f3lares la tonelada. El gasoil importado hoy cuesta 1575 d\u00f3lares la tonelada\u201d. \u201cAumentar el corte de biodiesel no es una raz\u00f3n ni un fundamento para aumentar el precio en el surtidor\u201d, enfatiz\u00f3.<\/p>\n<p>Cabe recordar que, semanas atr\u00e1s, el diputado present\u00f3 un proyecto de Ley en el que solicit\u00f3 la urgente sustituci\u00f3n de gasoil importado por biodi\u00e9sel producido en el pa\u00eds. \u201cLa producci\u00f3n de biocombustibles puede sustituir r\u00e1pidamente parte de la importaci\u00f3n de gasoil, ya que el sector cuenta con m\u00e1s del 50% de su capacidad productiva ociosa, concentrada principalmente en la provincia de Santa Fe\u201d, concluy\u00f3 en aquella oportunidad.<\/p>\n","protected":false},"excerpt":{"rendered":"<p>El diputado destac\u00f3 la decisi\u00f3n anunciada por el presidente Fern\u00e1ndez y remarc\u00f3 que se trata de una medida clave para la econom\u00eda de Santa Fe y de todo el pa\u00eds. \u201cLa producci\u00f3n de biodiesel genera trabajo para las familias santafesinas, mueve la econom\u00eda y sustituye las importaciones de gasoil\u201d, detall\u00f3. El diputado nacional por Santa [&hellip;]<\/p>\n","protected":false},"author":3,"featured_media":36048,"comment_status":"closed","ping_status":"closed","sticky":false,"template":"","format":"standard","meta":{"_joinchat":[],"footnotes":""},"categories":[66],"tags":[],"class_list":{"0":"post-36047","1":"post","2":"type-post","3":"status-publish","4":"format-standard","5":"has-post-thumbnail","7":"category-politica"},"_links":{"self":[{"href":"https:\/\/infovera.com.ar\/web\/wp-json\/wp\/v2\/posts\/36047","targetHints":{"allow":["GET"]}}],"collection":[{"href":"https:\/\/infovera.com.ar\/web\/wp-json\/wp\/v2\/posts"}],"about":[{"href":"https:\/\/infovera.com.ar\/web\/wp-json\/wp\/v2\/types\/post"}],"author":[{"embeddable":true,"href":"https:\/\/infovera.com.ar\/web\/wp-json\/wp\/v2\/users\/3"}],"replies":[{"embeddable":true,"href":"https:\/\/infovera.com.ar\/web\/wp-json\/wp\/v2\/comments?post=36047"}],"version-history":[{"count":0,"href":"https:\/\/infovera.com.ar\/web\/wp-json\/wp\/v2\/posts\/36047\/revisions"}],"wp:featuredmedia":[{"embeddable":true,"href":"https:\/\/infovera.com.ar\/web\/wp-json\/wp\/v2\/media\/36048"}],"wp:attachment":[{"href":"https:\/\/infovera.com.ar\/web\/wp-json\/wp\/v2\/media?parent=36047"}],"wp:term":[{"taxonomy":"category","embeddable":true,"href":"https:\/\/infovera.com.ar\/web\/wp-json\/wp\/v2\/categories?post=36047"},{"taxonomy":"post_tag","embeddable":true,"href":"https:\/\/infovera.com.ar\/web\/wp-json\/wp\/v2\/tags?post=36047"}],"curies":[{"name":"wp","href":"https:\/\/api.w.org\/{rel}","templated":true}]}}