{"id":36027,"date":"2022-06-16T15:06:45","date_gmt":"2022-06-16T18:06:45","guid":{"rendered":"https:\/\/infovera.com.ar\/web\/?p=36027"},"modified":"2022-06-16T15:06:45","modified_gmt":"2022-06-16T18:06:45","slug":"blanco-la-reforma-es-necesaria-y-en-todos-los-partidos-hay-dirigentes-dispuestos-a-dar-ese-paso-hacia-el-futuro","status":"publish","type":"post","link":"https:\/\/infovera.com.ar\/web\/2022\/06\/16\/blanco-la-reforma-es-necesaria-y-en-todos-los-partidos-hay-dirigentes-dispuestos-a-dar-ese-paso-hacia-el-futuro\/","title":{"rendered":"Blanco: &#8220;La reforma es necesaria y en todos los partidos hay dirigentes dispuestos a dar ese paso hacia el futuro&#8221;"},"content":{"rendered":"<p>La Comisi\u00f3n de Asuntos Constitucionales de la C\u00e1mara de Diputadas y Diputados de Santa Fe reuni\u00f3 a todos los autores de proyectos de reforma constitucional para trazar una hoja de ruta para su tratamiento. \u201cSon m\u00e1s las coincidencias que las diferencias. Hay vocaci\u00f3n de consenso para dar comienzo a un proceso que la provincia viene postergando desde hace d\u00e9cadas\u201d, destac\u00f3 el socialista, Joaqu\u00edn Blanco.<\/p>\n<p>\u201cTuvimos una reuni\u00f3n muy positiva con todos los autores y autoras de los proyectos de reforma constitucional. Este esp\u00edritu de estar todos juntos y buscar ponernos de acuerdo, a pesar de las diferencias, es el camino que tenemos que recorrer\u201d, expres\u00f3 el diputado.<\/p>\n<p>\u201cEntendemos la necesidad de tener una institucionalidad moderna, de avanzar en nuevos derechos, de adaptarnos a lo que tiene que ver con la Constituci\u00f3n del 94. Estas son cosas muy importantes y que Santa Fe, que es la cuna de la Constituci\u00f3n, hoy tenga la Carta Magna m\u00e1s vetusta, antigua y postergadora de derechos de la Argentina, es un fracaso de toda la dirigencia pol\u00edtica\u201d, asever\u00f3 el presidente de la Comisi\u00f3n.<\/p>\n<p>\u201cCada bloque tiene su posici\u00f3n pero hay un acuerdo mayoritario de que una Reforma Constitucional no puede ser el traje a medida de ning\u00fan sector pol\u00edtico y ning\u00fan sector puede especular con beneficiarse para las pr\u00f3ximas elecciones\u201d, determin\u00f3 Blanco.<\/p>\n<p>\u201cVamos a iniciar un proceso de debate continuar con lo que ya se viene realizando y avanzar en las coincidencias de lo que se tiene que modificar. La disidencia est\u00e1 en el momento de cu\u00e1ndo hacerla pero hay un piso de coincidencia que tiene que ver con la vetustez de la misma\u201d, explic\u00f3, por su parte, el diputado radical, Alejandro Boscarol<\/p>\n<p>\u201cHay debates que se vienen dando en paralelo como la autonom\u00eda, hoy se est\u00e1n discutiendo problemas que afectan a todos como la seguridad o los servicios p\u00fablicos. Creemos que esto es indispensable porque afecta al ciudadano com\u00fan y que es una responsabilidad de los que estamos todos de avanzar en estas coincidencias\u201d, agreg\u00f3.<\/p>\n<p>\u201cEste es un debate de actualidad permanente. La \u00faltima Reforma de la Constituci\u00f3n se dio en 1962 y necesitamos incorporar una cantidad de enormes de derechos que no est\u00e1n incluidos ni tutelados, as\u00ed como modernizar las instituciones para darle respuesta a las problem\u00e1ticas que la sociedad necesita\u201d, defini\u00f3 la diputada justicialista, Lucila De Ponti.<\/p>\n<p>\u201cEntendemos que los nueve proyectos presentados nos han dado el marco para avanzar en una discusi\u00f3n sobre la reforma constitucional, entendiendo que tenemos puntos de coincidencia y una misma mirada de la necesidad de que Santa Fe reformule esta Constituci\u00f3n\u201d, finaliz\u00f3 la diputada socialista, Gisel Mahmud.<\/p>\n<p>De la reuni\u00f3n participaron: Joaqu\u00edn Blanco, Gisel Mahmud y Esteban Lenci (PS); Matilde Bruera, Lucila De Ponti y Leandro Busatto (PJ); Alejandro Boscarol y Marl\u00e9n Esp\u00edndola (UCR); Ximena Senn (PRO); M\u00f3nica Peralta (GEN); Gabriel Real (PDP); Agustina Donnet (Igualdad); Nicol\u00e1s Mayoraz (Vida y Familia); Damaris Pacchiotti (Ciudad Futura); Betina Fiorito (Encuentro Republicano).<\/p>\n","protected":false},"excerpt":{"rendered":"<p>La Comisi\u00f3n de Asuntos Constitucionales de la C\u00e1mara de Diputadas y Diputados de Santa Fe reuni\u00f3 a todos los autores de proyectos de reforma constitucional para trazar una hoja de ruta para su tratamiento. \u201cSon m\u00e1s las coincidencias que las diferencias. Hay vocaci\u00f3n de consenso para dar comienzo a un proceso que la provincia viene [&hellip;]<\/p>\n","protected":false},"author":3,"featured_media":36028,"comment_status":"closed","ping_status":"closed","sticky":false,"template":"","format":"standard","meta":{"_joinchat":[],"footnotes":""},"categories":[66],"tags":[],"class_list":{"0":"post-36027","1":"post","2":"type-post","3":"status-publish","4":"format-standard","5":"has-post-thumbnail","7":"category-politica"},"_links":{"self":[{"href":"https:\/\/infovera.com.ar\/web\/wp-json\/wp\/v2\/posts\/36027","targetHints":{"allow":["GET"]}}],"collection":[{"href":"https:\/\/infovera.com.ar\/web\/wp-json\/wp\/v2\/posts"}],"about":[{"href":"https:\/\/infovera.com.ar\/web\/wp-json\/wp\/v2\/types\/post"}],"author":[{"embeddable":true,"href":"https:\/\/infovera.com.ar\/web\/wp-json\/wp\/v2\/users\/3"}],"replies":[{"embeddable":true,"href":"https:\/\/infovera.com.ar\/web\/wp-json\/wp\/v2\/comments?post=36027"}],"version-history":[{"count":0,"href":"https:\/\/infovera.com.ar\/web\/wp-json\/wp\/v2\/posts\/36027\/revisions"}],"wp:featuredmedia":[{"embeddable":true,"href":"https:\/\/infovera.com.ar\/web\/wp-json\/wp\/v2\/media\/36028"}],"wp:attachment":[{"href":"https:\/\/infovera.com.ar\/web\/wp-json\/wp\/v2\/media?parent=36027"}],"wp:term":[{"taxonomy":"category","embeddable":true,"href":"https:\/\/infovera.com.ar\/web\/wp-json\/wp\/v2\/categories?post=36027"},{"taxonomy":"post_tag","embeddable":true,"href":"https:\/\/infovera.com.ar\/web\/wp-json\/wp\/v2\/tags?post=36027"}],"curies":[{"name":"wp","href":"https:\/\/api.w.org\/{rel}","templated":true}]}}