{"id":36004,"date":"2022-06-15T13:49:04","date_gmt":"2022-06-15T16:49:04","guid":{"rendered":"https:\/\/infovera.com.ar\/web\/?p=36004"},"modified":"2022-06-15T13:49:04","modified_gmt":"2022-06-15T16:49:04","slug":"la-docencia-santafesina-vota-a-sus-representantes-gremiales","status":"publish","type":"post","link":"https:\/\/infovera.com.ar\/web\/2022\/06\/15\/la-docencia-santafesina-vota-a-sus-representantes-gremiales\/","title":{"rendered":"La docencia santafesina vota a sus representantes gremiales"},"content":{"rendered":"<div class=\"custom-text text-content styles_paragraph-detail__iq2ji styles_lila-links__fmg8W styles_note-styles__iXm81\">\n<p>Este mi\u00e9rcoles, desde las 8 y hasta las 20 horas, los docentes p\u00fablicos votan en las escuelas qui\u00e9nes dirigir\u00e1n el gremio de la Asociaci\u00f3n del Magisterio de Santa Fe (Amsafe), por el per\u00edodo 2023-2026, tanto de la comisi\u00f3n directiva provincial como de las 19 delegaciones departamentales del sindicato.<\/p>\n<\/div>\n<div class=\"custom-text text-content styles_paragraph-detail__iq2ji styles_lila-links__fmg8W styles_note-styles__iXm81\">\n<p>Como sucede cada vez que son las elecciones, el sindicato distribuye urnas en la mayor\u00eda de las escuelas para que los docentes puedan votar en su lugar de trabajo. En cada votaci\u00f3n participan alrededor de 23 mil afiliados, aproximadamente el 50 \u00f3 60% del padr\u00f3n, con la cl\u00e1sica metodolog\u00eda de voto secreto.<\/p>\n<\/div>\n<div class=\"custom-text text-content styles_paragraph-detail__iq2ji styles_lila-links__fmg8W styles_note-styles__iXm81\">\n<p>Despu\u00e9s 16 a\u00f1os y medio al frente de Amsafe Provincial, Sonia Alesso, se corre del cargo de la comisi\u00f3n directiva para dejar lugar a &#8220;una lista de renovaci\u00f3n&#8221;, seg\u00fan ella misma calific\u00f3. Y para seguir ocup\u00e1ndose como jefa de la Ctera as\u00ed como de la Internacional de la Educaci\u00f3n.<\/p>\n<\/div>\n<div class=\"custom-text text-content styles_paragraph-detail__iq2ji styles_lila-links__fmg8W styles_note-styles__iXm81\">\n<p>Hay dos listas provinciales en disputa. Una es la del Frente Trabajadores de la Educaci\u00f3n, cuyo candidato es Rodrigo Alonso, actual delegado seccional de Amsafe La Capital que va como secretario general, en el lugar que actualmente ocupa Alesso.<\/p>\n<\/div>\n<div class=\"custom-text text-content styles_paragraph-detail__iq2ji styles_lila-links__fmg8W styles_note-styles__iXm81\">\n<p>Por su parte, la lista opositora -Frente por una Amsafe Democr\u00e1tica- estar\u00e1 encabezada por el rosarino Gustavo Ter\u00e9s, actual secretario de esa seccional.<\/p>\n<\/div>\n<div class=\"custom-text text-content styles_paragraph-detail__iq2ji styles_lila-links__fmg8W styles_note-styles__iXm81\">\n<p>En otras ocasiones, el escrutinio contin\u00faa hasta horas de la madrugada, por lo que los dirigentes sindicales anticiparon que reci\u00e9n el jueves se conocer\u00e1 oficialmente cu\u00e1l es el resultado.<\/p>\n<\/div>\n<div class=\"custom-text text-content styles_paragraph-detail__iq2ji styles_lila-links__fmg8W styles_note-styles__iXm81\">\n<h3><strong>En el Dpto La Capital<\/strong><\/h3>\n<\/div>\n<div class=\"custom-text text-content styles_paragraph-detail__iq2ji styles_lila-links__fmg8W styles_note-styles__iXm81\">\n<p>En el Departamento La Capital tambi\u00e9n hay dos listas en disputa: por el Frente Trabajadores de la Educaci\u00f3n, la candidata es Mar\u00eda Jos\u00e9 Marano, actual secretaria adjunta de Amsafe La Capital. En tanto, por el Frente 4 de abril -la lista de Ter\u00e9s- se postula Ariela Borgogno.<\/p>\n<\/div>\n<div class=\"custom-text text-content styles_paragraph-detail__iq2ji styles_lila-links__fmg8W styles_note-styles__iXm81\">\n<p>En 16 departamentos, la docencia puede elegir entre dos listas para las elecciones seccionales. Solo en tres de ellos (Las Colonias, San Justo y 9 de Julio), se presenta una lista \u00fanica, que es la oficialista.<\/p>\n<\/div>\n","protected":false},"excerpt":{"rendered":"<p>Este mi\u00e9rcoles, desde las 8 y hasta las 20 horas, los docentes p\u00fablicos votan en las escuelas qui\u00e9nes dirigir\u00e1n el gremio de la Asociaci\u00f3n del Magisterio de Santa Fe (Amsafe), por el per\u00edodo 2023-2026, tanto de la comisi\u00f3n directiva provincial como de las 19 delegaciones departamentales del sindicato. Como sucede cada vez que son las [&hellip;]<\/p>\n","protected":false},"author":3,"featured_media":36005,"comment_status":"closed","ping_status":"closed","sticky":false,"template":"","format":"standard","meta":{"_joinchat":[],"footnotes":""},"categories":[60],"tags":[],"class_list":{"0":"post-36004","1":"post","2":"type-post","3":"status-publish","4":"format-standard","5":"has-post-thumbnail","7":"category-provinciales"},"_links":{"self":[{"href":"https:\/\/infovera.com.ar\/web\/wp-json\/wp\/v2\/posts\/36004","targetHints":{"allow":["GET"]}}],"collection":[{"href":"https:\/\/infovera.com.ar\/web\/wp-json\/wp\/v2\/posts"}],"about":[{"href":"https:\/\/infovera.com.ar\/web\/wp-json\/wp\/v2\/types\/post"}],"author":[{"embeddable":true,"href":"https:\/\/infovera.com.ar\/web\/wp-json\/wp\/v2\/users\/3"}],"replies":[{"embeddable":true,"href":"https:\/\/infovera.com.ar\/web\/wp-json\/wp\/v2\/comments?post=36004"}],"version-history":[{"count":0,"href":"https:\/\/infovera.com.ar\/web\/wp-json\/wp\/v2\/posts\/36004\/revisions"}],"wp:featuredmedia":[{"embeddable":true,"href":"https:\/\/infovera.com.ar\/web\/wp-json\/wp\/v2\/media\/36005"}],"wp:attachment":[{"href":"https:\/\/infovera.com.ar\/web\/wp-json\/wp\/v2\/media?parent=36004"}],"wp:term":[{"taxonomy":"category","embeddable":true,"href":"https:\/\/infovera.com.ar\/web\/wp-json\/wp\/v2\/categories?post=36004"},{"taxonomy":"post_tag","embeddable":true,"href":"https:\/\/infovera.com.ar\/web\/wp-json\/wp\/v2\/tags?post=36004"}],"curies":[{"name":"wp","href":"https:\/\/api.w.org\/{rel}","templated":true}]}}