{"id":35998,"date":"2022-06-15T12:44:24","date_gmt":"2022-06-15T15:44:24","guid":{"rendered":"https:\/\/infovera.com.ar\/web\/?p=35998"},"modified":"2022-06-15T12:45:56","modified_gmt":"2022-06-15T15:45:56","slug":"rige-la-obligatoriedad-del-uso-de-la-firma-digital-para-presentacion-de-escritos-y-demandas","status":"publish","type":"post","link":"https:\/\/infovera.com.ar\/web\/2022\/06\/15\/rige-la-obligatoriedad-del-uso-de-la-firma-digital-para-presentacion-de-escritos-y-demandas\/","title":{"rendered":"Rige la obligatoriedad del uso de la firma digital para presentaci\u00f3n de escritos y demandas judiciales"},"content":{"rendered":"<p><strong>El 1 de julio finaliza la pr\u00f3rroga dispuesta por la CSJSF.<\/strong><\/p>\n<p>El plazo de obligatoriedad se encontraba extendido desde el pasado mes de febrero a pedido de los Colegios de Abogados de manera excepcional y \u00fanica.<\/p>\n<p>A ra\u00edz del creciente pedido de tr\u00e1mites para obtener la firma digital y el token de seguridad, la Corte reforz\u00f3 el esquema de atenci\u00f3n para su\u00a0 obtenci\u00f3n en todo el mapa judicial santafesino.<\/p>\n<p>La Corte Suprema de Justicia de Santa Fe hace saber que el pr\u00f3ximo 1\u00b0 de julio de<br \/>\n2022 ser\u00e1 obligatorio el uso de la firma digital para la presentaci\u00f3n de escritos y<br \/>\ndemandas electr\u00f3nicas, por los profesionales del derecho en el \u00e1mbito del sistema de<br \/>\nautocosulta de expedientes -SISFE-.<\/p>\n<p>Dicho plazo que hab\u00eda sido ampliado de manera excepcional y \u00fanica en el mes de<br \/>\nfebrero ppdo. a pedido de los Colegios de Abogados, vence el jueves 30 de junio de<br \/>\n2022, de conformidad a lo dispuesto por la Corte Suprema en Acta \u2013 Acuerdo n\u00b0. 5 pto.<br \/>\n9)- del 22.02.22.<\/p>\n<p>En tal sentido, desde el viernes 1\u00b0 de julio de 2022, la presentaci\u00f3n de escritos y<br \/>\ndemandas, deber\u00e1 efectuarse estrictamente con lo regulado en los \u201cReglamentos<br \/>\npara la inicio electr\u00f3nico de demandas y las pautas de funcionamiento para la<br \/>\npresentaci\u00f3n electr\u00f3nica de escritos\u201d, disponibles en www.justiciasantafe.gov.ar<\/p>\n<p><strong>SERVICIO PARA OBTENCI\u00d3N DE FIRMAL DIGITAL CON TOKEN<\/strong><\/p>\n<p>La Corte Suprema recuerda que el servicio para la obtenci\u00f3n y tramitaci\u00f3n del<br \/>\ncertificado de firma digital y token se puede llevar a cabo en las oficinas dispuestas<br \/>\ntanto en los Tribunales de Santa Fe y Rosario, de manera presencial y de forma<br \/>\ngratuita. En las sedes del interior los oficiales de registro atienden seg\u00fan el<br \/>\ncronograma oportunamente difundido.<\/p>\n<p>El pr\u00f3ximo jueves 16 de junio se atender\u00e1 en los Tribunales de Rafaela; el martes 21<br \/>\nen Reconquista; y el 23 y 24 del cte. en los Tribunales de San Jorge.<\/p>\n<p>TURNOS E INFORMACI\u00d3N : www.justiciasantafe.gov.ar<\/p>\n","protected":false},"excerpt":{"rendered":"<p>El 1 de julio finaliza la pr\u00f3rroga dispuesta por la CSJSF. El plazo de obligatoriedad se encontraba extendido desde el pasado mes de febrero a pedido de los Colegios de Abogados de manera excepcional y \u00fanica. A ra\u00edz del creciente pedido de tr\u00e1mites para obtener la firma digital y el token de seguridad, la Corte [&hellip;]<\/p>\n","protected":false},"author":3,"featured_media":35300,"comment_status":"closed","ping_status":"closed","sticky":false,"template":"","format":"standard","meta":{"_joinchat":[],"footnotes":""},"categories":[60],"tags":[],"class_list":{"0":"post-35998","1":"post","2":"type-post","3":"status-publish","4":"format-standard","5":"has-post-thumbnail","7":"category-provinciales"},"_links":{"self":[{"href":"https:\/\/infovera.com.ar\/web\/wp-json\/wp\/v2\/posts\/35998","targetHints":{"allow":["GET"]}}],"collection":[{"href":"https:\/\/infovera.com.ar\/web\/wp-json\/wp\/v2\/posts"}],"about":[{"href":"https:\/\/infovera.com.ar\/web\/wp-json\/wp\/v2\/types\/post"}],"author":[{"embeddable":true,"href":"https:\/\/infovera.com.ar\/web\/wp-json\/wp\/v2\/users\/3"}],"replies":[{"embeddable":true,"href":"https:\/\/infovera.com.ar\/web\/wp-json\/wp\/v2\/comments?post=35998"}],"version-history":[{"count":0,"href":"https:\/\/infovera.com.ar\/web\/wp-json\/wp\/v2\/posts\/35998\/revisions"}],"wp:featuredmedia":[{"embeddable":true,"href":"https:\/\/infovera.com.ar\/web\/wp-json\/wp\/v2\/media\/35300"}],"wp:attachment":[{"href":"https:\/\/infovera.com.ar\/web\/wp-json\/wp\/v2\/media?parent=35998"}],"wp:term":[{"taxonomy":"category","embeddable":true,"href":"https:\/\/infovera.com.ar\/web\/wp-json\/wp\/v2\/categories?post=35998"},{"taxonomy":"post_tag","embeddable":true,"href":"https:\/\/infovera.com.ar\/web\/wp-json\/wp\/v2\/tags?post=35998"}],"curies":[{"name":"wp","href":"https:\/\/api.w.org\/{rel}","templated":true}]}}