{"id":35921,"date":"2022-06-13T19:06:26","date_gmt":"2022-06-13T22:06:26","guid":{"rendered":"https:\/\/infovera.com.ar\/web\/?p=35921"},"modified":"2022-06-13T19:06:26","modified_gmt":"2022-06-13T22:06:26","slug":"capacitacion-en-la-escena-del-hecho","status":"publish","type":"post","link":"https:\/\/infovera.com.ar\/web\/2022\/06\/13\/capacitacion-en-la-escena-del-hecho\/","title":{"rendered":"Capacitaci\u00f3n en la escena del hecho"},"content":{"rendered":"<p>En la fecha se realizo en las Instalaciones del Club Policial de esta ciudad de Vera, una jornada de Capacitaci\u00f3n sobre \u201cESCENA DEL HECHO\u201d, a los fines de profundizar conocimientos apropi\u00e1ndose de t\u00e9cnicas para la confecci\u00f3n de documentos que hacen a la investigaci\u00f3n penal; aprobado por Resoluci\u00f3n de Jefatura de Polic\u00eda de Provincia en la que designa como Director del Curso al Jefe URXIX, Sub. Director de Polic\u00eda OMAR DUARTE, acompa\u00f1ado por el Sub Jefe de URXIX Dr. Diego COSTANZO, asimismo a cargo del curso los Funcionarios policiales Comisario Virginia Ca\u00f1ete; Sub Comisario Roberto Faccioli y los disertantes personal dependiente de la AIC. Licenciado CARUSO CARLOS Y LICENCIADO JONES HERNAN; participaron de la misma personal policial de las distintas Comisarias, Sub Comisarias del departamento Vera. &#8211;<\/p>\n<p>&nbsp;<\/p>\n","protected":false},"excerpt":{"rendered":"<p>En la fecha se realizo en las Instalaciones del Club Policial de esta ciudad de Vera, una jornada de Capacitaci\u00f3n sobre \u201cESCENA DEL HECHO\u201d, a los fines de profundizar conocimientos apropi\u00e1ndose de t\u00e9cnicas para la confecci\u00f3n de documentos que hacen a la investigaci\u00f3n penal; aprobado por Resoluci\u00f3n de Jefatura de Polic\u00eda de Provincia en la [&hellip;]<\/p>\n","protected":false},"author":3,"featured_media":35923,"comment_status":"closed","ping_status":"closed","sticky":false,"template":"","format":"standard","meta":{"_joinchat":[],"footnotes":""},"categories":[30],"tags":[],"class_list":{"0":"post-35921","1":"post","2":"type-post","3":"status-publish","4":"format-standard","5":"has-post-thumbnail","7":"category-policiales"},"_links":{"self":[{"href":"https:\/\/infovera.com.ar\/web\/wp-json\/wp\/v2\/posts\/35921","targetHints":{"allow":["GET"]}}],"collection":[{"href":"https:\/\/infovera.com.ar\/web\/wp-json\/wp\/v2\/posts"}],"about":[{"href":"https:\/\/infovera.com.ar\/web\/wp-json\/wp\/v2\/types\/post"}],"author":[{"embeddable":true,"href":"https:\/\/infovera.com.ar\/web\/wp-json\/wp\/v2\/users\/3"}],"replies":[{"embeddable":true,"href":"https:\/\/infovera.com.ar\/web\/wp-json\/wp\/v2\/comments?post=35921"}],"version-history":[{"count":0,"href":"https:\/\/infovera.com.ar\/web\/wp-json\/wp\/v2\/posts\/35921\/revisions"}],"wp:featuredmedia":[{"embeddable":true,"href":"https:\/\/infovera.com.ar\/web\/wp-json\/wp\/v2\/media\/35923"}],"wp:attachment":[{"href":"https:\/\/infovera.com.ar\/web\/wp-json\/wp\/v2\/media?parent=35921"}],"wp:term":[{"taxonomy":"category","embeddable":true,"href":"https:\/\/infovera.com.ar\/web\/wp-json\/wp\/v2\/categories?post=35921"},{"taxonomy":"post_tag","embeddable":true,"href":"https:\/\/infovera.com.ar\/web\/wp-json\/wp\/v2\/tags?post=35921"}],"curies":[{"name":"wp","href":"https:\/\/api.w.org\/{rel}","templated":true}]}}