{"id":35919,"date":"2022-06-13T17:16:47","date_gmt":"2022-06-13T20:16:47","guid":{"rendered":"https:\/\/infovera.com.ar\/web\/?p=35919"},"modified":"2022-06-13T17:16:47","modified_gmt":"2022-06-13T20:16:47","slug":"firmaran-convenios-con-servicios-locales-de-ninez-en-vera","status":"publish","type":"post","link":"https:\/\/infovera.com.ar\/web\/2022\/06\/13\/firmaran-convenios-con-servicios-locales-de-ninez-en-vera\/","title":{"rendered":"Firmar\u00e1n convenios con Servicios Locales de Ni\u00f1ez en Vera"},"content":{"rendered":"<p>Con la presencia del Ministro de Desarrollo Social, en la Casa del Senado.<\/p>\n<p>&nbsp;<\/p>\n<p>A trav\u00e9s de estos convenios se busca promover la inclusi\u00f3n, promoci\u00f3n y restituci\u00f3n de derechos posibilitando la generaci\u00f3n de lazos comunitarios y la construcci\u00f3n de identidades a partir del encuentro con el otro y construir espacios de di\u00e1logos y articulaci\u00f3n entre el gobierno, la sociedad civil y la ciudadan\u00eda.<\/p>\n<p>Con la presencia de:<\/p>\n<p>&#8211; Ministro de Desarrollo Social, Danilo Capitani<\/p>\n<p>-Intendente Paula Mitre<\/p>\n<p>&#8211; Secretaria de Derechos de la Ni\u00f1ez, Adolescencia y Familia, Patricia Chialvo.<\/p>\n<p>&#8211; Subsecretaria de Ni\u00f1ez, Adolescencia y Familia, Patricia Virgilio.<\/p>\n<p>-Directora Provincial,\u00a0 In\u00e9s Colmegana<\/p>\n<p>-Senador Osvaldo Sosa.<\/p>\n<p>&nbsp;<\/p>\n<p>\u23f0 12:00 &#8211; Vera.<\/p>\n<p>&nbsp;<\/p>\n<p>\ud83d\udccd Casa del Senado, Houriet 1726<\/p>\n","protected":false},"excerpt":{"rendered":"<p>Con la presencia del Ministro de Desarrollo Social, en la Casa del Senado. &nbsp; A trav\u00e9s de estos convenios se busca promover la inclusi\u00f3n, promoci\u00f3n y restituci\u00f3n de derechos posibilitando la generaci\u00f3n de lazos comunitarios y la construcci\u00f3n de identidades a partir del encuentro con el otro y construir espacios de di\u00e1logos y articulaci\u00f3n entre [&hellip;]<\/p>\n","protected":false},"author":3,"featured_media":0,"comment_status":"closed","ping_status":"closed","sticky":false,"template":"","format":"standard","meta":{"_joinchat":[],"footnotes":""},"categories":[56],"tags":[],"class_list":{"0":"post-35919","1":"post","2":"type-post","3":"status-publish","4":"format-standard","6":"category-destacados"},"_links":{"self":[{"href":"https:\/\/infovera.com.ar\/web\/wp-json\/wp\/v2\/posts\/35919","targetHints":{"allow":["GET"]}}],"collection":[{"href":"https:\/\/infovera.com.ar\/web\/wp-json\/wp\/v2\/posts"}],"about":[{"href":"https:\/\/infovera.com.ar\/web\/wp-json\/wp\/v2\/types\/post"}],"author":[{"embeddable":true,"href":"https:\/\/infovera.com.ar\/web\/wp-json\/wp\/v2\/users\/3"}],"replies":[{"embeddable":true,"href":"https:\/\/infovera.com.ar\/web\/wp-json\/wp\/v2\/comments?post=35919"}],"version-history":[{"count":0,"href":"https:\/\/infovera.com.ar\/web\/wp-json\/wp\/v2\/posts\/35919\/revisions"}],"wp:attachment":[{"href":"https:\/\/infovera.com.ar\/web\/wp-json\/wp\/v2\/media?parent=35919"}],"wp:term":[{"taxonomy":"category","embeddable":true,"href":"https:\/\/infovera.com.ar\/web\/wp-json\/wp\/v2\/categories?post=35919"},{"taxonomy":"post_tag","embeddable":true,"href":"https:\/\/infovera.com.ar\/web\/wp-json\/wp\/v2\/tags?post=35919"}],"curies":[{"name":"wp","href":"https:\/\/api.w.org\/{rel}","templated":true}]}}