{"id":35870,"date":"2022-06-10T12:10:09","date_gmt":"2022-06-10T15:10:09","guid":{"rendered":"https:\/\/infovera.com.ar\/web\/?p=35870"},"modified":"2022-06-10T12:10:09","modified_gmt":"2022-06-10T15:10:09","slug":"operativos-vehiculares-y-esclarecimiento-de-robo-en-fortin-olmos","status":"publish","type":"post","link":"https:\/\/infovera.com.ar\/web\/2022\/06\/10\/operativos-vehiculares-y-esclarecimiento-de-robo-en-fortin-olmos\/","title":{"rendered":"Operativos vehiculares y esclarecimiento de robo en Fort\u00edn Olmos"},"content":{"rendered":"<p>FORTIN OLMOS -UNIDAD REGIONAL XIX- VERA<\/p>\n<p>ESCLARECIMIENTO DE ROBO<\/p>\n<p>En relaci\u00f3n a la denuncia radicada por un vecino de ese medio en la que autor\/es ignorados le sustrajeron elementos de su propiedad, establecen que no serian ajenos al hecho, dos masculinos, ambos mayores de edad, domiciliados en zona urbana de esa localidad, a ra\u00edz de la investigaci\u00f3n recuperaron los elementos denunciados por la v\u00edctima; se dio conocimiento al Fiscal en turno. Se prosiguen diligencias.-<\/p>\n<p>&nbsp;<\/p>\n<p>DIVERSOS OPERATIVOS DE CONTROL VEHICULAR EN EL DEPARTAMENTO VERA<\/p>\n<p>&nbsp;<\/p>\n<p>Por orden del Jefe de URXIX, Vera, se llevaran a cabo operativos de control Vehicular a los fines de incrementar la Prevenci\u00f3n, Seguridad y Educaci\u00f3n Vial en diferentes rutas y ciudades que se hallan trazadas en el \u00e1mbito del departamento Vera; se realizar\u00e1n en horarios diversos, asign\u00e1ndose funcionarios policiales de las comisarias, sub.Comisarias, etc con conocimiento y autorizaci\u00f3n (Orden Operacional) de la Jefatura de Polic\u00eda de la Provincia; desarroll\u00e1ndose en intersecciones de zonas urbanas; conforme a la diagramaci\u00f3n de la Divisi\u00f3n Operaciones Policiales URXIX.<\/p>\n<p>La funci\u00f3n del trabajo policial es prevenir, disuadir , desalentar y actuar ante cualquier tipo de conducta il\u00edcita y\/o contravenciones .-<\/p>\n<p>&nbsp;<\/p>\n","protected":false},"excerpt":{"rendered":"<p>FORTIN OLMOS -UNIDAD REGIONAL XIX- VERA ESCLARECIMIENTO DE ROBO En relaci\u00f3n a la denuncia radicada por un vecino de ese medio en la que autor\/es ignorados le sustrajeron elementos de su propiedad, establecen que no serian ajenos al hecho, dos masculinos, ambos mayores de edad, domiciliados en zona urbana de esa localidad, a ra\u00edz de [&hellip;]<\/p>\n","protected":false},"author":3,"featured_media":35872,"comment_status":"closed","ping_status":"closed","sticky":false,"template":"","format":"standard","meta":{"_joinchat":[],"footnotes":""},"categories":[30],"tags":[],"class_list":{"0":"post-35870","1":"post","2":"type-post","3":"status-publish","4":"format-standard","5":"has-post-thumbnail","7":"category-policiales"},"_links":{"self":[{"href":"https:\/\/infovera.com.ar\/web\/wp-json\/wp\/v2\/posts\/35870","targetHints":{"allow":["GET"]}}],"collection":[{"href":"https:\/\/infovera.com.ar\/web\/wp-json\/wp\/v2\/posts"}],"about":[{"href":"https:\/\/infovera.com.ar\/web\/wp-json\/wp\/v2\/types\/post"}],"author":[{"embeddable":true,"href":"https:\/\/infovera.com.ar\/web\/wp-json\/wp\/v2\/users\/3"}],"replies":[{"embeddable":true,"href":"https:\/\/infovera.com.ar\/web\/wp-json\/wp\/v2\/comments?post=35870"}],"version-history":[{"count":0,"href":"https:\/\/infovera.com.ar\/web\/wp-json\/wp\/v2\/posts\/35870\/revisions"}],"wp:featuredmedia":[{"embeddable":true,"href":"https:\/\/infovera.com.ar\/web\/wp-json\/wp\/v2\/media\/35872"}],"wp:attachment":[{"href":"https:\/\/infovera.com.ar\/web\/wp-json\/wp\/v2\/media?parent=35870"}],"wp:term":[{"taxonomy":"category","embeddable":true,"href":"https:\/\/infovera.com.ar\/web\/wp-json\/wp\/v2\/categories?post=35870"},{"taxonomy":"post_tag","embeddable":true,"href":"https:\/\/infovera.com.ar\/web\/wp-json\/wp\/v2\/tags?post=35870"}],"curies":[{"name":"wp","href":"https:\/\/api.w.org\/{rel}","templated":true}]}}