{"id":35845,"date":"2022-06-09T09:00:56","date_gmt":"2022-06-09T12:00:56","guid":{"rendered":"https:\/\/infovera.com.ar\/web\/?p=35845"},"modified":"2022-06-09T09:38:05","modified_gmt":"2022-06-09T12:38:05","slug":"perotti-ratifico-su-decision-politica-de-avanzar-a-la-brevedad-con-la-autonomia-de-municipios-y-comunas","status":"publish","type":"post","link":"https:\/\/infovera.com.ar\/web\/2022\/06\/09\/perotti-ratifico-su-decision-politica-de-avanzar-a-la-brevedad-con-la-autonomia-de-municipios-y-comunas\/","title":{"rendered":"Perotti ratific\u00f3 su decisi\u00f3n pol\u00edtica de avanzar a la brevedad con la autonom\u00eda de municipios y comunas"},"content":{"rendered":"<p><strong>El gobernador sostuvo que, una vez aprobada, la ley afianzar\u00e1 \u201cel proceso de descentralizaci\u00f3n y fortalecimiento de los territorios\u201d. La autonom\u00eda significa \u201ctomar decisiones m\u00e1s cerca de la gente\u201d, dijo el gobernador.<\/strong><\/p>\n<p>El gobernador de la provincia de Santa Fe, Omar Perotti, ratific\u00f3 su decisi\u00f3n pol\u00edtica de avanzar a la brevedad con la autonom\u00eda de los municipios y comunas: \u201cTenemos una vocaci\u00f3n clara y, en lo personal, siempre remarqu\u00e9 que no iba a borrar con el codo de gobernador lo que escrib\u00ed con la mano de intendente. La autonom\u00eda municipal reafirmar\u00e1 el proceso de descentralizaci\u00f3n y fortalecimiento de los territorios\u201d. Y afirm\u00f3 que ello contribuir\u00e1 a \u201cun mayor control social de la comunidad sobre las pol\u00edticas p\u00fablicas locales\u201d .<\/p>\n<p>M\u00e1s adelante, Perotti expres\u00f3: \u201cHablamos de que cada santafesino y santafesina pueda tener mayor injerencia en los temas relacionados con seguridad, salud, educaci\u00f3n y en todas las problem\u00e1ticas sociales, como las referidas a ni\u00f1ez y personas mayores\u201d. Adem\u00e1s, dise\u00f1ar \u201cpol\u00edticas profundas de desarrollo local, de desarrollo humano, de arraigo, de asociativismo y de gesti\u00f3n de servicios\u201d.<\/p>\n<p>M\u00e1s all\u00e1 del encuadre normativo, fortalecer la autonom\u00eda impacta en la vida cotidiana, significa \u201ctomar decisiones m\u00e1s cerca de la gente\u201d, asegur\u00f3 el mandatario. \u201cLa autonom\u00eda municipal no s\u00f3lo es para que los municipios y comunas tengan m\u00e1s herramientas sino, y principalmente, para que la comunidad pueda tener mayor participaci\u00f3n en la toma de decisiones, en el control de las administraciones locales, en las pol\u00edticas de largo plazo\u201d, ampli\u00f3.<\/p>\n<p>En cuanto a la distribuci\u00f3n de recursos, el gobernador dijo que \u201cno somos un gobierno que tenga problemas en distribuir los recursos cuando son volcados a pol\u00edticas p\u00fablicas que impactan positivamente en cada localidad. Los n\u00fameros lo demuestran: rompimos el r\u00e9cord de transferencias de recursos a gobiernos locales. Esto no es ni tiene que ser un inconveniente\u201d.<\/p>\n<p><strong>SANTA FE + AUTONOM\u00cdA<\/strong><\/p>\n<p>Desde Santa Fe + autonom\u00eda se llevan adelante las \u00faltimas reuniones con los Consejos Asesor de expertos y expertas y de Ciudades previas al env\u00edo del mensaje del Ejecutivo a la legislatura con la ley que consagrar\u00e1 la autonom\u00eda municipal.<\/p>\n<p>El proyecto plasmar\u00e1 la decisi\u00f3n pol\u00edtica de no esperar a una reforma constitucional para avanzar en las autonom\u00edas de los gobiernos locales, ya que es posible hacerlo a trav\u00e9s de una ley.<\/p>\n","protected":false},"excerpt":{"rendered":"<p>El gobernador sostuvo que, una vez aprobada, la ley afianzar\u00e1 \u201cel proceso de descentralizaci\u00f3n y fortalecimiento de los territorios\u201d. La autonom\u00eda significa \u201ctomar decisiones m\u00e1s cerca de la gente\u201d, dijo el gobernador. El gobernador de la provincia de Santa Fe, Omar Perotti, ratific\u00f3 su decisi\u00f3n pol\u00edtica de avanzar a la brevedad con la autonom\u00eda de [&hellip;]<\/p>\n","protected":false},"author":3,"featured_media":35846,"comment_status":"closed","ping_status":"closed","sticky":false,"template":"","format":"standard","meta":{"_joinchat":[],"footnotes":""},"categories":[56,66],"tags":[],"class_list":{"0":"post-35845","1":"post","2":"type-post","3":"status-publish","4":"format-standard","5":"has-post-thumbnail","7":"category-destacados","8":"category-politica"},"_links":{"self":[{"href":"https:\/\/infovera.com.ar\/web\/wp-json\/wp\/v2\/posts\/35845","targetHints":{"allow":["GET"]}}],"collection":[{"href":"https:\/\/infovera.com.ar\/web\/wp-json\/wp\/v2\/posts"}],"about":[{"href":"https:\/\/infovera.com.ar\/web\/wp-json\/wp\/v2\/types\/post"}],"author":[{"embeddable":true,"href":"https:\/\/infovera.com.ar\/web\/wp-json\/wp\/v2\/users\/3"}],"replies":[{"embeddable":true,"href":"https:\/\/infovera.com.ar\/web\/wp-json\/wp\/v2\/comments?post=35845"}],"version-history":[{"count":0,"href":"https:\/\/infovera.com.ar\/web\/wp-json\/wp\/v2\/posts\/35845\/revisions"}],"wp:featuredmedia":[{"embeddable":true,"href":"https:\/\/infovera.com.ar\/web\/wp-json\/wp\/v2\/media\/35846"}],"wp:attachment":[{"href":"https:\/\/infovera.com.ar\/web\/wp-json\/wp\/v2\/media?parent=35845"}],"wp:term":[{"taxonomy":"category","embeddable":true,"href":"https:\/\/infovera.com.ar\/web\/wp-json\/wp\/v2\/categories?post=35845"},{"taxonomy":"post_tag","embeddable":true,"href":"https:\/\/infovera.com.ar\/web\/wp-json\/wp\/v2\/tags?post=35845"}],"curies":[{"name":"wp","href":"https:\/\/api.w.org\/{rel}","templated":true}]}}