{"id":35706,"date":"2022-06-03T21:39:20","date_gmt":"2022-06-04T00:39:20","guid":{"rendered":"https:\/\/infovera.com.ar\/web\/?p=35706"},"modified":"2022-06-03T21:39:20","modified_gmt":"2022-06-04T00:39:20","slug":"se-realizo-la-primera-jornada-academica-de-capacitacion-al-personal-policial-llevada-a-cabo-por-el-mpa-y-el-isep","status":"publish","type":"post","link":"https:\/\/infovera.com.ar\/web\/2022\/06\/03\/se-realizo-la-primera-jornada-academica-de-capacitacion-al-personal-policial-llevada-a-cabo-por-el-mpa-y-el-isep\/","title":{"rendered":"Se realiz\u00f3 la primera jornada acad\u00e9mica de capacitaci\u00f3n al personal policial llevada a cabo por el MPA Y EL ISeP"},"content":{"rendered":"<p>El d\u00eda jueves 02 de junio en el Sal\u00f3n de actos del Edificio del Poder Judicial de Reconquista se realiz\u00f3 el acto de apertura de las jornadas de capacitaci\u00f3n al personal policial a partir de la actividad conjunta del MPA y el ISeP. Posteriormente se desarroll\u00f3 el primer m\u00f3dulo del temario previamente establecido. El Fiscal Regional Doctor Rub\u00e9n Daniel Martinez conjuntamente con el Director de Polic\u00eda y Jefe de la U.R.IX de Polic\u00eda inauguraron las jornadas de capacitaci\u00f3n para el personal policial , que se desarrollar\u00e1 los d\u00edas 09,23 y 30 de junio, 07 de julio y que contempla un examen final , que se realizar\u00e1 el d\u00eda 28 del mismo mes.<\/p>\n<p>&nbsp;<\/p>\n<p>El Doctor Martinez brind\u00f3 la bienvenida al personal policial y remarc\u00f3 la \u201cimportancia que tienen estas jornadas , inst\u00f3 al personal a comprometerse con sus funciones dado que a partir de sus primeras actuaciones se pone en marcha el poder judicial\u201d. En otro parte de su alocuci\u00f3n el m\u00e1ximo referente del MPA de la circunscripci\u00f3n consider\u00f3 \u201c que hoy m\u00e1s que nunca la sociedad nos reclama eficiencia en nuestras actuaciones y esto es un desaf\u00edo porque implica m\u00e1s capacitaci\u00f3n , monitorear permanentemente nuestras actuaciones y brindar el servicio no solo que ley establece sino aquel que exige la ciudadan\u00eda. \u201cA pesar de las funciones deferentes de los distintos estamentos , es indispensable un trabajo coordinado , fortaleciendo los equipos , con metas claras y objetivos compartidos. El Fiscal Regional por otra parte resalt\u00f3 \u201cque cada uno de los presentes deben tener un compromiso firme con la ciudadan\u00eda, como funcionarios no podemos ser meros espectadores de los hechos de las cuales nos tenemos que ocupar.<\/p>\n<p>&nbsp;<\/p>\n<p>Por \u00faltimo el Doctor Martinez expres\u00f3 su satisfacci\u00f3n por la \u201cla gran concurrencia \u201c y resalt\u00f3 que \u201cno tiene dudas del \u00e9xito del evento as\u00ed como tambi\u00e9n de los beneficios que cada uno obtendr\u00e1 y que seguramente redundar\u00e1 en un mejor servicio de los uniformados afectados a la funci\u00f3n judicial\u201d.<\/p>\n<p>&nbsp;<\/p>\n<p>Seguidamente el Fiscal Doctor Leandro Mai comenz\u00f3 con el desarrollo del primer m\u00f3dulo relacionado con la normativa constitucional y principios en que se funda el nuevo sistema procesal penal. El Jefe de la Unidad Fiscal Reconquista destac\u00f3 los nuevos paradigmas vigentes del sistema acusatorio, en donde destac\u00f3 \u201cla consagraci\u00f3n del principio de la oralidad, publicidad, inmediaci\u00f3n, concentraci\u00f3n, igualdad de armas y la diferenciaci\u00f3n de las funciones del juzgamiento e investigaci\u00f3n\u201d.<\/p>\n<p>&nbsp;<\/p>\n<p>El Doctor Mai en su exposici\u00f3n resalt\u00f3 \u201cla activa participaci\u00f3n de la defensa en la investigaci\u00f3n , la desinformalizaci\u00f3n y oralizaci\u00f3n de la investigaci\u00f3n y de todas las etapas del proceso. Previo a tratar las funciones espec\u00edficas del personal policial, realiz\u00f3 una breve rese\u00f1a sobre la etapas del procesal, all\u00ed resalt\u00f3 que \u201c el nuevo sistema penal tiene tres grandes etapas: la etapa de la investigaci\u00f3n penal preparatoria , cuyo eje es la recolecci\u00f3n de elementos para ejercer concretamente la acci\u00f3n penal p\u00fablica; la etapa intermedia, cuya naturaleza es habilitar o no el avance hacia el juicio oral ; y la etapa del juicio oral y p\u00fablico o debate, donde el tribunal decide si existe o no responsabilidad penal de autor\u201d El Se\u00f1or Jefe de la Unidad Regional IX Director de Polic\u00eda Julio Lucero le brindo la \u201cbienvenida a los presentes\u201d, resalt\u00f3 \u201cel compromiso de la instituci\u00f3n no solo en la capacitaci\u00f3n del personal sino tambi\u00e9n en el desaf\u00edo diario que implica trabajar frente a la existencia de un delito que es multicausal y que abarca a todas las edades.<\/p>\n<p>&nbsp;<\/p>\n<p>Por otra parte el Jefe de la Unidad Regional \u201cagradeci\u00f3 al Fiscal Regional y dem\u00e1s funcionarios del MPA por la realizaci\u00f3n de las jornadas conjuntas que sin dudas servir\u00e1 al personal en funci\u00f3n judicial.<\/p>\n","protected":false},"excerpt":{"rendered":"<p>El d\u00eda jueves 02 de junio en el Sal\u00f3n de actos del Edificio del Poder Judicial de Reconquista se realiz\u00f3 el acto de apertura de las jornadas de capacitaci\u00f3n al personal policial a partir de la actividad conjunta del MPA y el ISeP. Posteriormente se desarroll\u00f3 el primer m\u00f3dulo del temario previamente establecido. El Fiscal [&hellip;]<\/p>\n","protected":false},"author":3,"featured_media":35707,"comment_status":"closed","ping_status":"closed","sticky":false,"template":"","format":"standard","meta":{"_joinchat":[],"footnotes":""},"categories":[55],"tags":[],"class_list":{"0":"post-35706","1":"post","2":"type-post","3":"status-publish","4":"format-standard","5":"has-post-thumbnail","7":"category-reconquista"},"_links":{"self":[{"href":"https:\/\/infovera.com.ar\/web\/wp-json\/wp\/v2\/posts\/35706","targetHints":{"allow":["GET"]}}],"collection":[{"href":"https:\/\/infovera.com.ar\/web\/wp-json\/wp\/v2\/posts"}],"about":[{"href":"https:\/\/infovera.com.ar\/web\/wp-json\/wp\/v2\/types\/post"}],"author":[{"embeddable":true,"href":"https:\/\/infovera.com.ar\/web\/wp-json\/wp\/v2\/users\/3"}],"replies":[{"embeddable":true,"href":"https:\/\/infovera.com.ar\/web\/wp-json\/wp\/v2\/comments?post=35706"}],"version-history":[{"count":0,"href":"https:\/\/infovera.com.ar\/web\/wp-json\/wp\/v2\/posts\/35706\/revisions"}],"wp:featuredmedia":[{"embeddable":true,"href":"https:\/\/infovera.com.ar\/web\/wp-json\/wp\/v2\/media\/35707"}],"wp:attachment":[{"href":"https:\/\/infovera.com.ar\/web\/wp-json\/wp\/v2\/media?parent=35706"}],"wp:term":[{"taxonomy":"category","embeddable":true,"href":"https:\/\/infovera.com.ar\/web\/wp-json\/wp\/v2\/categories?post=35706"},{"taxonomy":"post_tag","embeddable":true,"href":"https:\/\/infovera.com.ar\/web\/wp-json\/wp\/v2\/tags?post=35706"}],"curies":[{"name":"wp","href":"https:\/\/api.w.org\/{rel}","templated":true}]}}