{"id":35693,"date":"2022-06-03T13:21:33","date_gmt":"2022-06-03T16:21:33","guid":{"rendered":"https:\/\/infovera.com.ar\/web\/?p=35693"},"modified":"2022-06-03T13:21:33","modified_gmt":"2022-06-03T16:21:33","slug":"la-provincia-presento-dos-lineas-de-financiamiento-para-la-compra-de-maquinaria-e-implementos-agricolas","status":"publish","type":"post","link":"https:\/\/infovera.com.ar\/web\/2022\/06\/03\/la-provincia-presento-dos-lineas-de-financiamiento-para-la-compra-de-maquinaria-e-implementos-agricolas\/","title":{"rendered":"La provincia present\u00f3 dos l\u00edneas de financiamiento para la compra de maquinaria e implementos agr\u00edcolas"},"content":{"rendered":"<div id=\"content-post\">\n<div class=\"entry\">\n<p>El gobierno de la provincia, a trav\u00e9s del Ministerio de Producci\u00f3n, Ciencia y Tecnolog\u00eda, present\u00f3 dos l\u00edneas de financiamiento para la compra de maquinaria e implementos agr\u00edcolas. Son ejecutadas por el gobierno provincial a trav\u00e9s del Programa de Financiamiento \u201cSanta Fe de Pie\u201d y estar\u00e1n disponibles desde el Banco de la Naci\u00f3n Argentina y el Nuevo Banco de Santa Fe.<\/p>\n<p>La presentaci\u00f3n se realiz\u00f3 durante la inauguraci\u00f3n de Agroactiva 2022, en Armstrong. En ese marco, el gobernador de la provincia, Omar Perotti, agradeci\u00f3 \u201ctrabajar junto a los fabricantes de maquinarias agr\u00edcolas de nuestra provincia y las cooperativas AFA, Guillermo Lehmann y Villa Ca\u00f1\u00e1s. Trabajar con cada uno de ellos nos est\u00e1 garantizando la posibilidad de llegada directa y tambi\u00e9n fortalecer los objetivos del cooperativismo, fortalecer con estos recursos a peque\u00f1os productores, que en esa organizaci\u00f3n encuentran un respaldo para acceder a un financiamiento junto a la provincia y el Banco de la Naci\u00f3n\u201d, dijo.<\/p>\n<p>Y agreg\u00f3: \u201cPor eso, la idea es generar un v\u00ednculo directo. Hoy creemos que hay una oportunidad para aprovechar plenamente y hay que generar los incentivos. Es la manera que, entendemos, podemos crecer y dar una respuesta oportuna. Ojal\u00e1 entusiasme, motive y podamos aprovechar esta sinergia de productores, fabricantes, entidades financieras, el esp\u00edritu cooperativo y el gobierno de la provincia acompa\u00f1ando al que trabaja, al que invierte y al que genera empleo\u201d, concluy\u00f3 el gobernador.<\/p>\n<p>Por su parte, el presidente de la cooperativa Villa Ca\u00f1\u00e1s, Oscar Luis Baldessari, dijo que \u201cestas l\u00edneas de financiamiento no hacen otra cosa que aumentar la producci\u00f3n. Es una ayuda muy favorable, especialmente para la parte agr\u00edcola, porque los fertilizantes no hacen otra cosa m\u00e1s que aumentar la producci\u00f3n. En nombre m\u00edo y de la cooperativa a la cual represento no tengo m\u00e1s que agradecimiento\u201d.<\/p>\n<p>En tanto, el presidente de la Cooperativa Guillermo Lehmann, Alberto Domingo Santinelli, agradeci\u00f3 a las autoridades provinciales y sostuvo que \u201cesto va a servir para intensificar la producci\u00f3n y ayudar a la sustentabilidad. Volverle al recurso suelo parte de lo que le sacamos todos los d\u00edas\u201d.<\/p>\n<p>Por otro lado, el presidente de la cooperativa Agricultores Federados Argentinos, Jorge Peteta, manifest\u00f3 que \u201cesto lleg\u00f3 en un momento oportuno, donde los productores dudaban mucho de la siembra de este trigo por cuestiones de costo y esto aporta a que terminen de tomar la decisi\u00f3n favorable en cuanto a la producci\u00f3n. Como santafesinos, ojal\u00e1 esto contagie al resto de las provincias. Los hechos acompa\u00f1an a los discursos; en Santa Fe, lo que escuchamos decir se transforma en hechos, estamos muy contentos y muy agradecidos\u201d.<\/p>\n<p>Por \u00faltimo, el representante de la Asociaci\u00f3n Santafesina de Industrias de Maquinaria Agr\u00edcola, Ignacio Tanzi, explic\u00f3 que la asociaci\u00f3n representa a 500 empresas fabricantes \u201cy nos sentimos muy agradecidos porque entendemos que el cr\u00e9dito es algo fundamental para la venta de nuestros equipos y pone a disposici\u00f3n tasas muy favorables\u201d.<\/p>\n<p>&nbsp;<\/p>\n<p><strong>DETALLES DE LAS L\u00cdNEAS DE FINANCIAMIENTO<\/strong><br \/>\nEl Banco Naci\u00f3n ofrece una l\u00ednea de cr\u00e9dito de inversi\u00f3n para la compra de maquinaria e implementos agr\u00edcolas fabricados en la provincia de Santa Fe. Se trata de una l\u00ednea existente que se profundizar\u00e1 durante los d\u00edas de la muestra; tiene un plazo de cinco a\u00f1os en pesos a tasa fija y el gobierno provincial otorga un subsidio de tasa directo del 8% durante los tres primeros a\u00f1os.<\/p>\n<p>Esta l\u00ednea tambi\u00e9n incluye a la compra de reproductores machos provenientes de caba\u00f1as santafesinas y dicha adquisici\u00f3n puede recibir un aporte adicional (10%) como incentivo, seg\u00fan resoluci\u00f3n 621\/2021.<\/p>\n<p>Debe se\u00f1alarse que contin\u00faan vigentes los cr\u00e9ditos para capital de trabajo para siembra de trigo y ma\u00edz con un subsidio del 8% durante un a\u00f1o por parte de la provincia.<\/p>\n<p>Por otro lado, el Banco de Santa Fe cuenta con una l\u00ednea especial para el mismo destino a cuatro a\u00f1os a tasas del 23.30 % los primeros 24 meses y 28.3% los segundos 24 meses fijas y en pesos contando con subsidios por parte del Gobierno provincial y de fabricantes de maquinaria e implementos agr\u00edcolas de la provincia.<\/p>\n<p>Los productores interesados deber\u00e1n acercarse al stand institucional del gobierno de Santa Fe con la cotizaci\u00f3n o documento af\u00edn para obtener el aval del Ministerio de Producci\u00f3n, Ciencia y Tecnolog\u00eda.<\/p>\n<\/div>\n<\/div>\n<div class=\"block-media\">\n<div class=\"container\">\n<h3 class=\"title-block-articles\"><\/h3>\n<\/div>\n<\/div>\n","protected":false},"excerpt":{"rendered":"<p>El gobierno de la provincia, a trav\u00e9s del Ministerio de Producci\u00f3n, Ciencia y Tecnolog\u00eda, present\u00f3 dos l\u00edneas de financiamiento para la compra de maquinaria e implementos agr\u00edcolas. Son ejecutadas por el gobierno provincial a trav\u00e9s del Programa de Financiamiento \u201cSanta Fe de Pie\u201d y estar\u00e1n disponibles desde el Banco de la Naci\u00f3n Argentina y el [&hellip;]<\/p>\n","protected":false},"author":3,"featured_media":35695,"comment_status":"closed","ping_status":"closed","sticky":false,"template":"","format":"standard","meta":{"_joinchat":[],"footnotes":""},"categories":[60],"tags":[],"class_list":{"0":"post-35693","1":"post","2":"type-post","3":"status-publish","4":"format-standard","5":"has-post-thumbnail","7":"category-provinciales"},"_links":{"self":[{"href":"https:\/\/infovera.com.ar\/web\/wp-json\/wp\/v2\/posts\/35693","targetHints":{"allow":["GET"]}}],"collection":[{"href":"https:\/\/infovera.com.ar\/web\/wp-json\/wp\/v2\/posts"}],"about":[{"href":"https:\/\/infovera.com.ar\/web\/wp-json\/wp\/v2\/types\/post"}],"author":[{"embeddable":true,"href":"https:\/\/infovera.com.ar\/web\/wp-json\/wp\/v2\/users\/3"}],"replies":[{"embeddable":true,"href":"https:\/\/infovera.com.ar\/web\/wp-json\/wp\/v2\/comments?post=35693"}],"version-history":[{"count":0,"href":"https:\/\/infovera.com.ar\/web\/wp-json\/wp\/v2\/posts\/35693\/revisions"}],"wp:featuredmedia":[{"embeddable":true,"href":"https:\/\/infovera.com.ar\/web\/wp-json\/wp\/v2\/media\/35695"}],"wp:attachment":[{"href":"https:\/\/infovera.com.ar\/web\/wp-json\/wp\/v2\/media?parent=35693"}],"wp:term":[{"taxonomy":"category","embeddable":true,"href":"https:\/\/infovera.com.ar\/web\/wp-json\/wp\/v2\/categories?post=35693"},{"taxonomy":"post_tag","embeddable":true,"href":"https:\/\/infovera.com.ar\/web\/wp-json\/wp\/v2\/tags?post=35693"}],"curies":[{"name":"wp","href":"https:\/\/api.w.org\/{rel}","templated":true}]}}