{"id":35658,"date":"2022-06-02T11:06:10","date_gmt":"2022-06-02T14:06:10","guid":{"rendered":"https:\/\/infovera.com.ar\/web\/?p=35658"},"modified":"2022-06-02T11:06:10","modified_gmt":"2022-06-02T14:06:10","slug":"resignificar","status":"publish","type":"post","link":"https:\/\/infovera.com.ar\/web\/2022\/06\/02\/resignificar\/","title":{"rendered":"Resignificar"},"content":{"rendered":"<p><strong>La Asociaci\u00f3n Civil \u201cTeresa Misionera de la Caridad\u201d realiz\u00f3 una muestra fotogr\u00e1fica \u201cResignificar\u201d<\/strong> con im\u00e1genes de la artista regional Selene Ramseyer, la que fue acompa\u00f1ada por audiovisuales de reflexi\u00f3n sobre la discapacidad.<\/p>\n<p>Fue visitada por delegaciones escolares y p\u00fablico en general.<\/p>\n<p>Tuvo lugar en el Auditorio de AMSAFE Vera.<\/p>\n<div id='gallery-1' class='gallery galleryid-35658 gallery-columns-3 gallery-size-thumbnail'><figure class='gallery-item'>\n\t\t\t<div class='gallery-icon landscape'>\n\t\t\t\t<a href='https:\/\/infovera.com.ar\/web\/2022\/06\/02\/resignificar\/2-21\/'><img loading=\"lazy\" decoding=\"async\" width=\"150\" height=\"150\" src=\"https:\/\/infovera.com.ar\/web\/wp-content\/uploads\/2022\/06\/2-150x150.jpg\" class=\"attachment-thumbnail size-thumbnail\" alt=\"\" \/><\/a>\n\t\t\t<\/div><\/figure><figure class='gallery-item'>\n\t\t\t<div class='gallery-icon landscape'>\n\t\t\t\t<a href='https:\/\/infovera.com.ar\/web\/2022\/06\/02\/resignificar\/3-73\/'><img loading=\"lazy\" decoding=\"async\" width=\"150\" height=\"150\" src=\"https:\/\/infovera.com.ar\/web\/wp-content\/uploads\/2022\/06\/3-150x150.jpg\" class=\"attachment-thumbnail size-thumbnail\" alt=\"\" srcset=\"https:\/\/infovera.com.ar\/web\/wp-content\/uploads\/2022\/06\/3-150x150.jpg 150w, https:\/\/infovera.com.ar\/web\/wp-content\/uploads\/2022\/06\/3-300x300.jpg 300w, https:\/\/infovera.com.ar\/web\/wp-content\/uploads\/2022\/06\/3-696x696.jpg 696w, https:\/\/infovera.com.ar\/web\/wp-content\/uploads\/2022\/06\/3-420x420.jpg 420w, https:\/\/infovera.com.ar\/web\/wp-content\/uploads\/2022\/06\/3.jpg 720w\" sizes=\"auto, (max-width: 150px) 100vw, 150px\" \/><\/a>\n\t\t\t<\/div><\/figure><figure class='gallery-item'>\n\t\t\t<div class='gallery-icon landscape'>\n\t\t\t\t<a href='https:\/\/infovera.com.ar\/web\/2022\/06\/02\/resignificar\/4-59\/'><img loading=\"lazy\" decoding=\"async\" width=\"150\" height=\"150\" src=\"https:\/\/infovera.com.ar\/web\/wp-content\/uploads\/2022\/06\/4-150x150.jpg\" class=\"attachment-thumbnail size-thumbnail\" alt=\"\" \/><\/a>\n\t\t\t<\/div><\/figure>\n\t\t<\/div>\n\n","protected":false},"excerpt":{"rendered":"<p>La Asociaci\u00f3n Civil \u201cTeresa Misionera de la Caridad\u201d realiz\u00f3 una muestra fotogr\u00e1fica \u201cResignificar\u201d con im\u00e1genes de la artista regional Selene Ramseyer, la que fue acompa\u00f1ada por audiovisuales de reflexi\u00f3n sobre la discapacidad. Fue visitada por delegaciones escolares y p\u00fablico en general. Tuvo lugar en el Auditorio de AMSAFE Vera.<\/p>\n","protected":false},"author":3,"featured_media":35659,"comment_status":"closed","ping_status":"closed","sticky":false,"template":"","format":"standard","meta":{"_joinchat":[],"footnotes":""},"categories":[36,53],"tags":[],"class_list":{"0":"post-35658","1":"post","2":"type-post","3":"status-publish","4":"format-standard","5":"has-post-thumbnail","7":"category-sociedad","8":"category-vera"},"_links":{"self":[{"href":"https:\/\/infovera.com.ar\/web\/wp-json\/wp\/v2\/posts\/35658","targetHints":{"allow":["GET"]}}],"collection":[{"href":"https:\/\/infovera.com.ar\/web\/wp-json\/wp\/v2\/posts"}],"about":[{"href":"https:\/\/infovera.com.ar\/web\/wp-json\/wp\/v2\/types\/post"}],"author":[{"embeddable":true,"href":"https:\/\/infovera.com.ar\/web\/wp-json\/wp\/v2\/users\/3"}],"replies":[{"embeddable":true,"href":"https:\/\/infovera.com.ar\/web\/wp-json\/wp\/v2\/comments?post=35658"}],"version-history":[{"count":0,"href":"https:\/\/infovera.com.ar\/web\/wp-json\/wp\/v2\/posts\/35658\/revisions"}],"wp:featuredmedia":[{"embeddable":true,"href":"https:\/\/infovera.com.ar\/web\/wp-json\/wp\/v2\/media\/35659"}],"wp:attachment":[{"href":"https:\/\/infovera.com.ar\/web\/wp-json\/wp\/v2\/media?parent=35658"}],"wp:term":[{"taxonomy":"category","embeddable":true,"href":"https:\/\/infovera.com.ar\/web\/wp-json\/wp\/v2\/categories?post=35658"},{"taxonomy":"post_tag","embeddable":true,"href":"https:\/\/infovera.com.ar\/web\/wp-json\/wp\/v2\/tags?post=35658"}],"curies":[{"name":"wp","href":"https:\/\/api.w.org\/{rel}","templated":true}]}}