{"id":35594,"date":"2022-05-31T19:23:49","date_gmt":"2022-05-31T22:23:49","guid":{"rendered":"https:\/\/infovera.com.ar\/web\/?p=35594"},"modified":"2022-06-01T13:56:43","modified_gmt":"2022-06-01T16:56:43","slug":"calchaqui-fue-sede-del-foro-para-municipios-y-comunas-sobre-la-ley-provincial-de-aguas","status":"publish","type":"post","link":"https:\/\/infovera.com.ar\/web\/2022\/05\/31\/calchaqui-fue-sede-del-foro-para-municipios-y-comunas-sobre-la-ley-provincial-de-aguas\/","title":{"rendered":"Calchaqu\u00ed fue sede del foro para municipios y comunas sobre la Ley Provincial de Aguas"},"content":{"rendered":"<p><strong>Se realiz\u00f3 en Calchaqu\u00ed el Primer Foro sobre los alcances de la Ley de Aguas.<\/strong><\/p>\n<p>Cont\u00f3 con la participaci\u00f3n de presidentes comunales e intendentes de los departamentos General Obligado, Vera, 9 de Julio, San Crist\u00f3bal, San Justo y San Javier.<\/p>\n<p>El Ministerio de Infraestructura, Servicios P\u00fablicos y H\u00e1bitat hizo esta convocatoria para el abordaje y debate de aspectos relacionados con los alcances de la reglamentaci\u00f3n de la Ley del Aguas (N\u00ba 13.740) de la provincia de Santa Fe.<\/p>\n<p>Ser\u00e1n tres jornadas que se llevar\u00e1n a cabo con este objetivo, las dem\u00e1s tendr\u00e1n lugar en Esperanza y en Casilda,coordinadas por funcionarios de la Secretar\u00eda de Recursos H\u00eddricos.<\/p>\n","protected":false},"excerpt":{"rendered":"<p>Se realiz\u00f3 en Calchaqu\u00ed el Primer Foro sobre los alcances de la Ley de Aguas. Cont\u00f3 con la participaci\u00f3n de presidentes comunales e intendentes de los departamentos General Obligado, Vera, 9 de Julio, San Crist\u00f3bal, San Justo y San Javier. El Ministerio de Infraestructura, Servicios P\u00fablicos y H\u00e1bitat hizo esta convocatoria para el abordaje y [&hellip;]<\/p>\n","protected":false},"author":3,"featured_media":35595,"comment_status":"closed","ping_status":"closed","sticky":false,"template":"","format":"standard","meta":{"_joinchat":[],"footnotes":""},"categories":[52],"tags":[],"class_list":{"0":"post-35594","1":"post","2":"type-post","3":"status-publish","4":"format-standard","5":"has-post-thumbnail","7":"category-calchaqui"},"_links":{"self":[{"href":"https:\/\/infovera.com.ar\/web\/wp-json\/wp\/v2\/posts\/35594","targetHints":{"allow":["GET"]}}],"collection":[{"href":"https:\/\/infovera.com.ar\/web\/wp-json\/wp\/v2\/posts"}],"about":[{"href":"https:\/\/infovera.com.ar\/web\/wp-json\/wp\/v2\/types\/post"}],"author":[{"embeddable":true,"href":"https:\/\/infovera.com.ar\/web\/wp-json\/wp\/v2\/users\/3"}],"replies":[{"embeddable":true,"href":"https:\/\/infovera.com.ar\/web\/wp-json\/wp\/v2\/comments?post=35594"}],"version-history":[{"count":0,"href":"https:\/\/infovera.com.ar\/web\/wp-json\/wp\/v2\/posts\/35594\/revisions"}],"wp:featuredmedia":[{"embeddable":true,"href":"https:\/\/infovera.com.ar\/web\/wp-json\/wp\/v2\/media\/35595"}],"wp:attachment":[{"href":"https:\/\/infovera.com.ar\/web\/wp-json\/wp\/v2\/media?parent=35594"}],"wp:term":[{"taxonomy":"category","embeddable":true,"href":"https:\/\/infovera.com.ar\/web\/wp-json\/wp\/v2\/categories?post=35594"},{"taxonomy":"post_tag","embeddable":true,"href":"https:\/\/infovera.com.ar\/web\/wp-json\/wp\/v2\/tags?post=35594"}],"curies":[{"name":"wp","href":"https:\/\/api.w.org\/{rel}","templated":true}]}}