{"id":35586,"date":"2022-05-31T17:35:22","date_gmt":"2022-05-31T20:35:22","guid":{"rendered":"https:\/\/infovera.com.ar\/web\/?p=35586"},"modified":"2022-05-31T17:35:22","modified_gmt":"2022-05-31T20:35:22","slug":"la-provincia-adjudico-la-obra-del-nuevo-puente-sobre-el-parana-mini-en-villa-ocampo","status":"publish","type":"post","link":"https:\/\/infovera.com.ar\/web\/2022\/05\/31\/la-provincia-adjudico-la-obra-del-nuevo-puente-sobre-el-parana-mini-en-villa-ocampo\/","title":{"rendered":"La Provincia adjudic\u00f3 la obra del nuevo puente sobre el Paran\u00e1 Mini en Villa Ocampo"},"content":{"rendered":"<p>El Ministerio de Infraestructura, Servicios P\u00fablicos y H\u00e1bitat realiz\u00f3 la adjudicaci\u00f3n de la obra de construcci\u00f3n del puente sobre el arroyo Paran\u00e1 Min\u00ed, en Villa Ocampo (departamento General Obligado); y los accesos en la Ruta Provincial N\u00b032, en el tramo comprendido entre la Ruta Nacional N\u00b011 y Puerto Ocampo.<\/p>\n<p>&nbsp;<\/p>\n<p>Al respecto, el administrador de Vialidad Provincial, Oscar Ceschi, valor\u00f3: \u201cNuestro gobernador Omar Perotti, ha hecho que el puente del Paran\u00e1 Min\u00ed, del que tanto se ha hablado, deje de ser una promesa e ilusi\u00f3n, para que se transforme en una realidad. Esta provincia necesita integrarse territorialmente y equilibrarse poblacionalmente, tal como lo dice permanentemente nuestro gobernador, y por eso hoy avanzamos sobre uno de los pasos fundamentales para que la obra comience. As\u00ed que ya est\u00e1 todo listo para que en pocos d\u00edas, la uni\u00f3n transitoria de empresas comience a armar el obrador y a ejecutar la obra\u201d.<\/p>\n<p>&nbsp;<\/p>\n<p>\u201cHoy firmamos el contrato en la Escriban\u00eda P\u00fablica de gobierno, donde queda oficializada la adjudicaci\u00f3n de la obra. As\u00ed que junto a la ministra de Infraestructura, Silvina Frana, estamos muy contentos porque sabemos lo que significa esta obra para el norte santafesino, especialmente para Villa Ocampo\u201d, agreg\u00f3.<\/p>\n<p>&nbsp;<\/p>\n<p>Y continu\u00f3: \u201cEsta no es una obra menor, es una obra de gran magnitud en el tama\u00f1o del puente que vamos a estar desarrollando. Estamos convencidos de la calidad y de la capacidad de nuestra gente del norte. Por eso no es una obra aislada, es una obra que es parte de un conjunto de trabajos estrat\u00e9gicos para el desarrollo de nuestro norte. Es una decisi\u00f3n de invertir muy fuerte para despertar la confianza y el entusiasmo en quienes desde el sector privado quieren invertir\u201d, concluy\u00f3 Ceschi.<\/p>\n<p>&nbsp;<\/p>\n<p>Por su parte, el dirigente local Eduardo Richter, agradeci\u00f3 la decisi\u00f3n pol\u00edtica del gobernador para llevar adelante la obra: \u201cLa visi\u00f3n estrat\u00e9gica del gobernador Omar Perotti de concretar esta obra tiene que ver con su mirada productiva e integradora del norte santafesino. Esta es una obra que sienta las bases para el desarrollo productivo de la regi\u00f3n, pensando que podemos volver a recuperar el Puerto Ocampo, que era el lugar estrat\u00e9gico por donde sal\u00eda toda la producci\u00f3n de La Forestal. Esta es una lucha del norte santafesino que venimos impulsando hace m\u00e1s de 14 a\u00f1os y tiene que ver con nuestra historia y cultura\u201d.<\/p>\n<p>&nbsp;<\/p>\n<p>DETALLES DE LA OBRA<\/p>\n<p>La obra fue adjudicada a la UT conformada por la firma Werk Constructora SRL., Del Sol Constructora SA. y Rinaudo C\u00eda Constructora SRL., que cotiz\u00f3 al momento de la licitaci\u00f3n la suma de $1248.999.451,03, contempla un plazo de ejecuci\u00f3n de 12 meses.<\/p>\n<p>&nbsp;<\/p>\n<p>El nuevo puente de dos manos presentar\u00e1 una combinaci\u00f3n entre hormig\u00f3n pretensado (vigas longitudinales) y hormig\u00f3n armado simple (tablero e infraestructura). La longitud del mismo ser\u00e1 de 308 metros, con un ancho de calzada de 8,30 metros, y veredas peatonales a cada lado de 1,55 metros.<\/p>\n","protected":false},"excerpt":{"rendered":"<p>El Ministerio de Infraestructura, Servicios P\u00fablicos y H\u00e1bitat realiz\u00f3 la adjudicaci\u00f3n de la obra de construcci\u00f3n del puente sobre el arroyo Paran\u00e1 Min\u00ed, en Villa Ocampo (departamento General Obligado); y los accesos en la Ruta Provincial N\u00b032, en el tramo comprendido entre la Ruta Nacional N\u00b011 y Puerto Ocampo. &nbsp; Al respecto, el administrador de [&hellip;]<\/p>\n","protected":false},"author":3,"featured_media":35587,"comment_status":"closed","ping_status":"closed","sticky":false,"template":"","format":"standard","meta":{"_joinchat":[],"footnotes":""},"categories":[55],"tags":[],"class_list":{"0":"post-35586","1":"post","2":"type-post","3":"status-publish","4":"format-standard","5":"has-post-thumbnail","7":"category-reconquista"},"_links":{"self":[{"href":"https:\/\/infovera.com.ar\/web\/wp-json\/wp\/v2\/posts\/35586","targetHints":{"allow":["GET"]}}],"collection":[{"href":"https:\/\/infovera.com.ar\/web\/wp-json\/wp\/v2\/posts"}],"about":[{"href":"https:\/\/infovera.com.ar\/web\/wp-json\/wp\/v2\/types\/post"}],"author":[{"embeddable":true,"href":"https:\/\/infovera.com.ar\/web\/wp-json\/wp\/v2\/users\/3"}],"replies":[{"embeddable":true,"href":"https:\/\/infovera.com.ar\/web\/wp-json\/wp\/v2\/comments?post=35586"}],"version-history":[{"count":0,"href":"https:\/\/infovera.com.ar\/web\/wp-json\/wp\/v2\/posts\/35586\/revisions"}],"wp:featuredmedia":[{"embeddable":true,"href":"https:\/\/infovera.com.ar\/web\/wp-json\/wp\/v2\/media\/35587"}],"wp:attachment":[{"href":"https:\/\/infovera.com.ar\/web\/wp-json\/wp\/v2\/media?parent=35586"}],"wp:term":[{"taxonomy":"category","embeddable":true,"href":"https:\/\/infovera.com.ar\/web\/wp-json\/wp\/v2\/categories?post=35586"},{"taxonomy":"post_tag","embeddable":true,"href":"https:\/\/infovera.com.ar\/web\/wp-json\/wp\/v2\/tags?post=35586"}],"curies":[{"name":"wp","href":"https:\/\/api.w.org\/{rel}","templated":true}]}}