{"id":35547,"date":"2022-05-30T19:31:32","date_gmt":"2022-05-30T22:31:32","guid":{"rendered":"https:\/\/infovera.com.ar\/web\/?p=35547"},"modified":"2022-05-30T19:31:32","modified_gmt":"2022-05-30T22:31:32","slug":"perotti-realizo-un-balance-positivo-de-la-mision-internacional-para-avanzar-en-financiamiento-y-cooperacion","status":"publish","type":"post","link":"https:\/\/infovera.com.ar\/web\/2022\/05\/30\/perotti-realizo-un-balance-positivo-de-la-mision-internacional-para-avanzar-en-financiamiento-y-cooperacion\/","title":{"rendered":"Perotti realiz\u00f3 un balance positivo de la misi\u00f3n internacional para avanzar en financiamiento y cooperaci\u00f3n"},"content":{"rendered":"<p>El gobernador Omar Perotti brind\u00f3 este lunes detalles de la misi\u00f3n internacional que llev\u00f3 adelante desde el 16 de mayo, con el objetivo de avanzar en l\u00edneas de \u201cfinanciamiento y cooperaci\u00f3n internacional\u201d, y que tuvo c\u00f3mo n\u00facleo central la reuni\u00f3n con el Fondo de Desarrollo \u00c1rabe, en Kuwait, \u201cdonde materializamos, con la provincia de C\u00f3rdoba, el financiamiento para la primera etapa del Acueducto Biprovincial para cubrir una de las necesidades b\u00e1sicas de la poblaci\u00f3n, que es el agua potable\u201d.<\/p>\n<p>&nbsp;<\/p>\n<p>Al respecto, Perotti detall\u00f3 que este financiamiento permitir\u00e1 ejecutar \u201cla toma de agua y la planta potabilizadora en la localidad de Coronda, donde inicia el acueducto. El financiamiento obtenido, lo que firmamos junto al gobernador Schiaretti, es a 20 a\u00f1os de plazo, con cuatro de gracia, y con una tasa del tres por ciento\u201d.<\/p>\n<p>&nbsp;<\/p>\n<p>Adem\u00e1s, el gobernador destac\u00f3 que junto al \u201cFondo de Kuwait iniciamos los contactos con otros fondos \u00e1rabes, el de Emiratos, el Saud\u00ed, el de Qatar, y tambi\u00e9n el de los fondos que maneja la Organizaci\u00f3n de los Pa\u00edses Exportadores de Petr\u00f3leo (OPEP), para completar la totalidad del financiamiento\u201d.<\/p>\n<p>&nbsp;<\/p>\n<p>Luego del encuentro el Kuwait, junto al gobernador cordob\u00e9s, Perotti se reuni\u00f3 con \u201cel Fondo de Emiratos \u00c1rabes, de quienes obtuvimos un compromiso importante para acercarnos 100 millones m\u00e1s de financiamiento\u201d para esta obra, resalt\u00f3 el mandatario santafesino.<\/p>\n<p>&nbsp;<\/p>\n<p>\u201cQuedan las reuniones con los fondos Saud\u00ed y de Qatar; y ha surgido, fruto de unas de las reuniones que se desarroll\u00f3 all\u00ed mismo en Kuwait, la posibilidad de una reuni\u00f3n inminente para acelerar un financiamiento de ellos con los directores del Fondo de la OPEP\u201d.<\/p>\n<p>&nbsp;<\/p>\n<p>Por \u00faltimo, Perotti destac\u00f3 el \u201cacompa\u00f1amiento de la Naci\u00f3n, a trav\u00e9s de la Secretar\u00eda de Asuntos Estrat\u00e9gicos, en esta b\u00fasqueda de un fondo estrat\u00e9gico para los acueductos ha sido plena y esto ha puesto en marcha esta primera etapa\u201d.<\/p>\n<p>&nbsp;<\/p>\n<p>EN FRANCIA<\/p>\n<p>A continuaci\u00f3n, el gobernador indic\u00f3 que la misi\u00f3n inici\u00f3 con reuniones con \u201cla Agencia Francesa de Desarrollo, con quienes ya venimos desarrollando el presupuesto con perspectiva de g\u00e9nero; y les presentamos un nuevo proyecto que tiene que ver con el tema ambiental, clim\u00e1tico, y dentro de eso la posibilidad de inversi\u00f3n en los distintos lugares de la provincia de Santa Fe\u201d, detall\u00f3 Perotti.<\/p>\n<p>&nbsp;<\/p>\n<p>Al respecto, precis\u00f3 que el proyecto presentado tiene por objeto \u201cla Granja La Esmeralda con el objetivo de generar en ese lugar un centro importante, como se tiene hoy, de rescate de distintas especies, sino tambi\u00e9n un esquema de acompa\u00f1amiento cient\u00edfico, para el mayor conocimiento de cada una de las especies; similar a lo que es el acuario en Rosario, con los v\u00ednculos investigativos que all\u00ed se tienen\u201d.<\/p>\n<p>&nbsp;<\/p>\n<p>Adem\u00e1s, en Francia, el gobernador se reuni\u00f3 \u201ccon gendarmer\u00eda francesa, porque nos interesa avanzar en instancias de cooperaci\u00f3n para la formaci\u00f3n de nuestra instituci\u00f3n policial, y vincular con entes federales. Este es uno de los desarrollos de seguridad sobre los que trabaja la gendarmer\u00eda francesa y, particularmente, en el uso de las tecnolog\u00edas como un elemento de vinculaci\u00f3n con la sociedad y de prevenci\u00f3n\u201d.<\/p>\n<p>&nbsp;<\/p>\n<p>PUERTOS<\/p>\n<p>Por \u00faltimo, Perotti indic\u00f3 que en su estad\u00eda en Emiratos \u00e1rabes tom\u00f3 contacto con las administraciones portuarias de Dubai y Abu Dabi, en la b\u00fasqueda de acciones comerciales.<\/p>\n<p>&nbsp;<\/p>\n<p>En este sentido, precis\u00f3 que \u201ctender v\u00ednculos con ellos, con sus principales empresas demandante de productos alimentarios, fundamentalmente, ha sido parte de la difusi\u00f3n de la oferta santafesina y cordobesa. Lo hemos hecho de forma conjunta como Regi\u00f3n Centro, plante\u00e1ndonos all\u00ed las posibilidades concretas de visitas en la Argentina\u201d.<\/p>\n<p>&nbsp;<\/p>\n<p>El gobernador mantuvo encuentros con representantes de los puertos de los Pa\u00edses Bajos, ya que hay \u201cun inter\u00e9s concreto de v\u00ednculo con nuestra regi\u00f3n y, particularmente, con el puerto de Rosario, donde est\u00e1n realizando un trabajo de desarrollo estrat\u00e9gico del puerto y de su visi\u00f3n a futuro\u201d.<\/p>\n<p>&nbsp;<\/p>\n<p>A continuaci\u00f3n, se\u00f1al\u00f3 la importancia de estos v\u00ednculos ya que es en los \u201cPa\u00edses Bajos en donde ingresa el grueso de las exportaciones de la provincia de Santa Fe, para redistribuirse despu\u00e9s en los distintos pa\u00edses europeos o en algunos otros, ya que ese puerto es un redireccionador de cargas a nivel internacional\u201d.<\/p>\n<p>&nbsp;<\/p>\n<p>\u201cPoder tener una buena log\u00edstica y bajar los de llegada a los distintos mercados, es fundamental\u201d; por este motivo \u201ctener un v\u00ednculo con puertos de esta dimensi\u00f3n, es un elemento de inter\u00e9s, ya que es fundamental generar los mejores v\u00ednculos en el aprovechamiento de las distintas comunicaciones, con la coordinaci\u00f3n multimodal de las modalidades de transporte\u201d, concluy\u00f3 Perotti<\/p>\n<p>&nbsp;<\/p>\n","protected":false},"excerpt":{"rendered":"<p>El gobernador Omar Perotti brind\u00f3 este lunes detalles de la misi\u00f3n internacional que llev\u00f3 adelante desde el 16 de mayo, con el objetivo de avanzar en l\u00edneas de \u201cfinanciamiento y cooperaci\u00f3n internacional\u201d, y que tuvo c\u00f3mo n\u00facleo central la reuni\u00f3n con el Fondo de Desarrollo \u00c1rabe, en Kuwait, \u201cdonde materializamos, con la provincia de C\u00f3rdoba, [&hellip;]<\/p>\n","protected":false},"author":3,"featured_media":35549,"comment_status":"closed","ping_status":"closed","sticky":false,"template":"","format":"standard","meta":{"_joinchat":[],"footnotes":""},"categories":[60],"tags":[],"class_list":{"0":"post-35547","1":"post","2":"type-post","3":"status-publish","4":"format-standard","5":"has-post-thumbnail","7":"category-provinciales"},"_links":{"self":[{"href":"https:\/\/infovera.com.ar\/web\/wp-json\/wp\/v2\/posts\/35547","targetHints":{"allow":["GET"]}}],"collection":[{"href":"https:\/\/infovera.com.ar\/web\/wp-json\/wp\/v2\/posts"}],"about":[{"href":"https:\/\/infovera.com.ar\/web\/wp-json\/wp\/v2\/types\/post"}],"author":[{"embeddable":true,"href":"https:\/\/infovera.com.ar\/web\/wp-json\/wp\/v2\/users\/3"}],"replies":[{"embeddable":true,"href":"https:\/\/infovera.com.ar\/web\/wp-json\/wp\/v2\/comments?post=35547"}],"version-history":[{"count":0,"href":"https:\/\/infovera.com.ar\/web\/wp-json\/wp\/v2\/posts\/35547\/revisions"}],"wp:featuredmedia":[{"embeddable":true,"href":"https:\/\/infovera.com.ar\/web\/wp-json\/wp\/v2\/media\/35549"}],"wp:attachment":[{"href":"https:\/\/infovera.com.ar\/web\/wp-json\/wp\/v2\/media?parent=35547"}],"wp:term":[{"taxonomy":"category","embeddable":true,"href":"https:\/\/infovera.com.ar\/web\/wp-json\/wp\/v2\/categories?post=35547"},{"taxonomy":"post_tag","embeddable":true,"href":"https:\/\/infovera.com.ar\/web\/wp-json\/wp\/v2\/tags?post=35547"}],"curies":[{"name":"wp","href":"https:\/\/api.w.org\/{rel}","templated":true}]}}