{"id":35434,"date":"2022-05-27T18:08:30","date_gmt":"2022-05-27T21:08:30","guid":{"rendered":"https:\/\/infovera.com.ar\/web\/?p=35434"},"modified":"2022-05-29T18:56:23","modified_gmt":"2022-05-29T21:56:23","slug":"pullaro-y-fabbroni-se-reunieron-con-militantes-en-la-casa-radical","status":"publish","type":"post","link":"https:\/\/infovera.com.ar\/web\/2022\/05\/27\/pullaro-y-fabbroni-se-reunieron-con-militantes-en-la-casa-radical\/","title":{"rendered":"Pullaro y Fabbroni se reunieron con militantes en la Casa Radical"},"content":{"rendered":"<p><strong>El concejal Reynaldo Fabbroni recibi\u00f3 en la Casa Radical de Vera al diputado provincial Maximiliano Pullaro.<\/strong><\/p>\n<p>En conferencia de prensa, Fabbroni destac\u00f3 la figura de Pullaro, que el a\u00f1o pasado fue precandidato a senador nacional por Evoluci\u00f3n, y dijo que el a\u00f1o que viene estar\u00e1 en la pelea por la provincia.<\/p>\n<p>Consultado sobre si ser\u00e1 candidato a intendente de Vera, el concejal afirm\u00f3: &#8220;Somos soldados de la pol\u00edtica y estaremos en el lugar que nos toque, donde m\u00e1s le sirva al movimiento radical&#8221;.<\/p>\n<p>En tanto, el diputado Pullaro cont\u00f3 que est\u00e1 recorriendo la provincia y que &#8220;despu\u00e9s de la elecci\u00f3n del a\u00f1o pasado no par\u00e9. Nuestro objetivo fue ponerle l\u00edmites al kirchnerismo&#8221;.<\/p>\n<p>&#8220;Nos convoca un nuevo desaf\u00edo como es volver al gobierno provincial, que tal vez por errores pol\u00edticos no pudimos mantener. Perdimos y hoy tenemos al peor gobierno que ha tenido la provincia en los \u00faltimos a\u00f1os. Dos datos: los \u00edndices de delitos se han ido a la nubes, despertar al gigante fue el eslogan pero cuando apret\u00f3 la pandemcia el Estado pareci\u00f3 retirarse&#8221;, puntualiz\u00f3<\/p>\n<p>&#8220;Estamos recorriendo mucho la provincia, el espinel productivo, porque estamos convencidos de que hay una salida, pero para eso el Estado tiene que estar presente&#8221;, manifest\u00f3.<\/p>\n<p>Tambi\u00e9n hizo referencia al gran frente opositor que se est\u00e1 conformando y adelant\u00f3 que va a ser candidato a gobernador.<\/p>\n<p>En la visita a Verae estuvo acompa\u00f1ado por el diputado provincial Fabi\u00e1n Bast\u00eda y el presidente comunal de Margarita, Ariel Bola\u00f1o.<\/p>\n<p>Escuch\u00e1 el audio completo:<\/p>\n<div class=\"wp-playlist wp-audio-playlist wp-playlist-light\">\n\t\t\t<div class=\"wp-playlist-current-item\"><\/div>\n\t\t<audio controls=\"controls\" preload=\"none\" width=\"674\"\n\t\t\t><\/audio>\n\t<div class=\"wp-playlist-next\"><\/div>\n\t<div class=\"wp-playlist-prev\"><\/div>\n\t<noscript>\n\t<ol>\n\t\t<li><a href='https:\/\/infovera.com.ar\/web\/wp-content\/uploads\/2022\/05\/Conferencia-de-prensa-Pullaro-y-Fabbroni.wav'>Conferencia de prensa Pullaro y Fabbroni<\/a><\/li>\t<\/ol>\n\t<\/noscript>\n\t<script type=\"application\/json\" class=\"wp-playlist-script\">{\"type\":\"audio\",\"tracklist\":true,\"tracknumbers\":true,\"images\":true,\"artists\":true,\"tracks\":[{\"src\":\"https:\/\/infovera.com.ar\/web\/wp-content\/uploads\/2022\/05\/Conferencia-de-prensa-Pullaro-y-Fabbroni.wav\",\"type\":\"audio\/wav\",\"title\":\"Conferencia de prensa Pullaro y Fabbroni\",\"caption\":\"\",\"description\":\"\\\"Conferencia de prensa Pullaro y Fabbroni\\\".\",\"meta\":{\"length_formatted\":\"9:16\"},\"image\":{\"src\":\"https:\/\/infovera.com.ar\/web\/wp-includes\/images\/media\/audio.svg\",\"width\":48,\"height\":64},\"thumb\":{\"src\":\"https:\/\/infovera.com.ar\/web\/wp-includes\/images\/media\/audio.svg\",\"width\":48,\"height\":64}}]}<\/script>\n<\/div>\n\t\n<p><iframe loading=\"lazy\" title=\"Pullaro y Fabbroni se reunieron con militantes en Vera\" width=\"696\" height=\"392\" src=\"https:\/\/www.youtube.com\/embed\/u3Z8M24XqEs?feature=oembed\" frameborder=\"0\" allow=\"accelerometer; autoplay; clipboard-write; encrypted-media; gyroscope; picture-in-picture; web-share\" referrerpolicy=\"strict-origin-when-cross-origin\" allowfullscreen><\/iframe><\/p>\n<p>&nbsp;<\/p>\n","protected":false},"excerpt":{"rendered":"<p>El concejal Reynaldo Fabbroni recibi\u00f3 en la Casa Radical de Vera al diputado provincial Maximiliano Pullaro. En conferencia de prensa, Fabbroni destac\u00f3 la figura de Pullaro, que el a\u00f1o pasado fue precandidato a senador nacional por Evoluci\u00f3n, y dijo que el a\u00f1o que viene estar\u00e1 en la pelea por la provincia. Consultado sobre si ser\u00e1 [&hellip;]<\/p>\n","protected":false},"author":3,"featured_media":35441,"comment_status":"closed","ping_status":"closed","sticky":false,"template":"","format":"standard","meta":{"_joinchat":[],"footnotes":""},"categories":[53],"tags":[],"class_list":{"0":"post-35434","1":"post","2":"type-post","3":"status-publish","4":"format-standard","5":"has-post-thumbnail","7":"category-vera"},"_links":{"self":[{"href":"https:\/\/infovera.com.ar\/web\/wp-json\/wp\/v2\/posts\/35434","targetHints":{"allow":["GET"]}}],"collection":[{"href":"https:\/\/infovera.com.ar\/web\/wp-json\/wp\/v2\/posts"}],"about":[{"href":"https:\/\/infovera.com.ar\/web\/wp-json\/wp\/v2\/types\/post"}],"author":[{"embeddable":true,"href":"https:\/\/infovera.com.ar\/web\/wp-json\/wp\/v2\/users\/3"}],"replies":[{"embeddable":true,"href":"https:\/\/infovera.com.ar\/web\/wp-json\/wp\/v2\/comments?post=35434"}],"version-history":[{"count":0,"href":"https:\/\/infovera.com.ar\/web\/wp-json\/wp\/v2\/posts\/35434\/revisions"}],"wp:featuredmedia":[{"embeddable":true,"href":"https:\/\/infovera.com.ar\/web\/wp-json\/wp\/v2\/media\/35441"}],"wp:attachment":[{"href":"https:\/\/infovera.com.ar\/web\/wp-json\/wp\/v2\/media?parent=35434"}],"wp:term":[{"taxonomy":"category","embeddable":true,"href":"https:\/\/infovera.com.ar\/web\/wp-json\/wp\/v2\/categories?post=35434"},{"taxonomy":"post_tag","embeddable":true,"href":"https:\/\/infovera.com.ar\/web\/wp-json\/wp\/v2\/tags?post=35434"}],"curies":[{"name":"wp","href":"https:\/\/api.w.org\/{rel}","templated":true}]}}