{"id":35419,"date":"2022-05-26T09:53:45","date_gmt":"2022-05-26T12:53:45","guid":{"rendered":"https:\/\/infovera.com.ar\/web\/?p=35419"},"modified":"2022-05-26T09:56:26","modified_gmt":"2022-05-26T12:56:26","slug":"dirigentes-socialistas-se-resisten-a-girar-hacia-la-derecha","status":"publish","type":"post","link":"https:\/\/infovera.com.ar\/web\/2022\/05\/26\/dirigentes-socialistas-se-resisten-a-girar-hacia-la-derecha\/","title":{"rendered":"Dirigentes socialistas se resisten a girar hacia la derecha"},"content":{"rendered":"<p>L<strong>a constituci\u00f3n de un nuevo frente opositor en Santa Fe reaviva las diferencias en el PS. La corriente Bases toma distancia de un eventual armado electoral junto al macrismo y busca imantar a referentes progresistas.<\/strong><\/p>\n<p>Al tiempo que el radicalismo retoma el di\u00e1logo formal con autoridades del socialismo santafesino para conformar un gran frente opositor de cara a los comicios de 2023, Bases, corriente interna del partido de la rosa roja, no descarta cortarse sola al considerar que el l\u00edmite de un nuevo armado pol\u00edtico electoral \u201ces la derecha olig\u00e1rquica conservadora\u201d.<br \/>\nPese a la se\u00f1al de unidad emitida semanas atr\u00e1s por el congreso extraordinario del socialismo provincial (y a las diferencias saldadas en internas), Bases volvi\u00f3 a plantarse frente a la c\u00fapula del PS de\u00a0Santa Fe, que lidera\u00a0Enrique Est\u00e9vez, y a dirigentes de peso como\u00a0Clara Garc\u00eda,\u00a0M\u00f3nica Fein\u00a0y\u00a0Antonio Bonfatti.<\/p>\n<p>Si bien el c\u00f3nclave partidario de principios de mayo fij\u00f3 el objetivo de fortalecer el territorio y la unidad para el segundo semestre de 2022, el Partido Socialista es un potencial aliado al radicalismo y actores macristas de la provincia con miras al pr\u00f3ximo compromiso en las urnas.<\/p>\n<p>Por eso,\u00a0Eduardo Di Pollina, uno de los fundadores de Bases junto a dirigentes como\u00a0Claudia Balagu\u00e9\u00a0y\u00a0Miguel Cappiello, advirti\u00f3 a\u00a0La Capital:\u00a0\u201cA partir de las declaraciones de algunos representantes del partido y las reuniones formales en los \u00faltimos d\u00edas, hasta algunos trascendidos, se apunta a la posibilidad de un acuerdo program\u00e1tico con Juntos por el Cambio (JxC) en Santa Fe\u201d.<\/p>\n<p><strong>Advertencia<\/strong><\/p>\n<p>\u201cSi eso ocurre, no participaremos del acuerdo. Entendemos que es otro el lugar donde el socialismo debe pararse. Lo venimos planteando hace m\u00e1s de dos a\u00f1os: el PS tiene que defender los intereses nacionales, de las mayor\u00edas populares y de los trabajadores. No puede estar en las ant\u00edpodas con el macrismo o sujetos nefastos como Javier Milei (La Libertad Avanza)y Jos\u00e9 Luis Espert (Avanza Libertad)\u201d, continu\u00f3 el ex diputado provincial.<\/p>\n<p>Respecto de la posibilidad de confluir electoralmente con otros espacios afines, el dirigente sostuvo:\u00a0\u201cEstamos en di\u00e1logo con aquellos que entienden que el l\u00edmite es la derecha olig\u00e1rquica conservadora. Juntos por el Cambio es una coalici\u00f3n pol\u00edtica que hoy discute el ingreso de personajes como Milei o Espert\u201d.<\/p>\n<p>En esa l\u00ednea, Bases organiz\u00f3 una jornada de intercambio de propuestas denominada \u201cPerspectivas para una sociedad igualitaria: la izquierda democr\u00e1tica y la construcci\u00f3n de una agenda progresista\u201d, que se realizar\u00e1 ma\u00f1ana, a las 18, en el auditorio del Sindicato de Empleados de Comercio (Corrientes 450).<\/p>\n<p>Los organizadores invitaron a\u00a0referentes de distintos espacios progresistas y del campo nacional\u00a0para abrir el debate sobre las futuras construcciones de una agenda pol\u00edtica.<\/p>\n<p>En ese marco, estar\u00e1n presentes los diputados provinciales\u00a0Agustina Donnet\u00a0(Igualdad),\u00a0Carlos del Frade\u00a0(Frente Social y Popular) y\u00a0Fabi\u00e1n Palo Oliver\u00a0(radicalismo); la directora de Derechos Humanos de la Municipalidad de Rosario,\u00a0Alicia Guti\u00e9rrez\u00a0(Solidaridad e Igualdad); la concejala\u00a0Caren Tepp\u00a0(Ciudad Futura) y el escritor, fil\u00f3sofo y el ex edil\u00a0Juan Giani. Di Pollina y Balagu\u00e9 coordinar\u00e1n el encuentro.<\/p>\n<p><strong>Objetivos<\/strong><\/p>\n<p>\u201cSe busca un intercambio de ideas entre distintos sectores pol\u00edticos progresistas (incluidos peronistas)\u201d, agreg\u00f3 Di Pollina, para quien la apuesta a un frente de frentes opositor en territorio santafesino es parte de un proyecto que aspira al retorno del Juntos por el Cambio al poder en la Argentina.<\/p>\n<p>La dirigencia que da cuerpo a Bases\u00a0ya hab\u00eda objetado las decisiones pol\u00edticas de la conducci\u00f3n del socialismo, que se alej\u00f3 de la Casa Gris al perder las elecciones de 2019, entre ellas la alianza nacional con el t\u00e1ndem\u00a0Roberto Lavagna\u00a0y\u00a0Juan Manuel Urtubey.<\/p>\n<p>Por entonces, tambi\u00e9n hab\u00edan rechazado de plano cualquier intento de alianza con sectores del macrismo e instaron a respaldar la postulaci\u00f3n de\u00a0Alberto Fern\u00e1ndez\u00a0a la Presidencia de la Naci\u00f3n.<\/p>\n<p>Ahora, Bases vuelve a la carga pidiendo reconfigurar al socialismo en la provincia sin perder su cercan\u00eda a los sectores progresistas.<\/p>\n<p>Fuente: La Capital<\/p>\n","protected":false},"excerpt":{"rendered":"<p>La constituci\u00f3n de un nuevo frente opositor en Santa Fe reaviva las diferencias en el PS. La corriente Bases toma distancia de un eventual armado electoral junto al macrismo y busca imantar a referentes progresistas. Al tiempo que el radicalismo retoma el di\u00e1logo formal con autoridades del socialismo santafesino para conformar un gran frente opositor [&hellip;]<\/p>\n","protected":false},"author":3,"featured_media":35420,"comment_status":"closed","ping_status":"closed","sticky":false,"template":"","format":"standard","meta":{"_joinchat":[],"footnotes":""},"categories":[66],"tags":[],"class_list":{"0":"post-35419","1":"post","2":"type-post","3":"status-publish","4":"format-standard","5":"has-post-thumbnail","7":"category-politica"},"_links":{"self":[{"href":"https:\/\/infovera.com.ar\/web\/wp-json\/wp\/v2\/posts\/35419","targetHints":{"allow":["GET"]}}],"collection":[{"href":"https:\/\/infovera.com.ar\/web\/wp-json\/wp\/v2\/posts"}],"about":[{"href":"https:\/\/infovera.com.ar\/web\/wp-json\/wp\/v2\/types\/post"}],"author":[{"embeddable":true,"href":"https:\/\/infovera.com.ar\/web\/wp-json\/wp\/v2\/users\/3"}],"replies":[{"embeddable":true,"href":"https:\/\/infovera.com.ar\/web\/wp-json\/wp\/v2\/comments?post=35419"}],"version-history":[{"count":0,"href":"https:\/\/infovera.com.ar\/web\/wp-json\/wp\/v2\/posts\/35419\/revisions"}],"wp:featuredmedia":[{"embeddable":true,"href":"https:\/\/infovera.com.ar\/web\/wp-json\/wp\/v2\/media\/35420"}],"wp:attachment":[{"href":"https:\/\/infovera.com.ar\/web\/wp-json\/wp\/v2\/media?parent=35419"}],"wp:term":[{"taxonomy":"category","embeddable":true,"href":"https:\/\/infovera.com.ar\/web\/wp-json\/wp\/v2\/categories?post=35419"},{"taxonomy":"post_tag","embeddable":true,"href":"https:\/\/infovera.com.ar\/web\/wp-json\/wp\/v2\/tags?post=35419"}],"curies":[{"name":"wp","href":"https:\/\/api.w.org\/{rel}","templated":true}]}}