{"id":35401,"date":"2022-05-26T08:00:41","date_gmt":"2022-05-26T11:00:41","guid":{"rendered":"https:\/\/infovera.com.ar\/web\/?p=35401"},"modified":"2022-05-27T18:16:19","modified_gmt":"2022-05-27T21:16:19","slug":"se-abrio-la-inscripcion-para-la-escuela-superior-de-cadetes-del-servicio-penitenciario","status":"publish","type":"post","link":"https:\/\/infovera.com.ar\/web\/2022\/05\/26\/se-abrio-la-inscripcion-para-la-escuela-superior-de-cadetes-del-servicio-penitenciario\/","title":{"rendered":"Se abri\u00f3 la inscripci\u00f3n para la Escuela Superior de Cadetes del Servicio Penitenciario"},"content":{"rendered":"<p><strong>El Servicio Penitenciario de la provincia abri\u00f3 la inscripci\u00f3n para el ingreso a Escuela Superior de Cadetes para el personal del cuadro de suboficiales.<\/strong><\/p>\n<p>A partir del 25 de mayo y hasta el 7 de junio estar\u00e1 vigente el plazo para la entrega de documentaci\u00f3n.<\/p>\n<p>Todos los detalles en la Resoluci\u00f3n:<\/p>\n<p><strong><a href=\"https:\/\/infovera.com.ar\/web\/wp-content\/uploads\/2022\/05\/Res-1157-1.pdf\">Res 1157<\/a><\/strong><\/p>\n<p>&nbsp;<\/p>\n","protected":false},"excerpt":{"rendered":"<p>El Servicio Penitenciario de la provincia abri\u00f3 la inscripci\u00f3n para el ingreso a Escuela Superior de Cadetes para el personal del cuadro de suboficiales. A partir del 25 de mayo y hasta el 7 de junio estar\u00e1 vigente el plazo para la entrega de documentaci\u00f3n. Todos los detalles en la Resoluci\u00f3n: Res 1157 &nbsp;<\/p>\n","protected":false},"author":3,"featured_media":35402,"comment_status":"closed","ping_status":"closed","sticky":false,"template":"","format":"standard","meta":{"_joinchat":[],"footnotes":""},"categories":[60],"tags":[],"class_list":{"0":"post-35401","1":"post","2":"type-post","3":"status-publish","4":"format-standard","5":"has-post-thumbnail","7":"category-provinciales"},"_links":{"self":[{"href":"https:\/\/infovera.com.ar\/web\/wp-json\/wp\/v2\/posts\/35401","targetHints":{"allow":["GET"]}}],"collection":[{"href":"https:\/\/infovera.com.ar\/web\/wp-json\/wp\/v2\/posts"}],"about":[{"href":"https:\/\/infovera.com.ar\/web\/wp-json\/wp\/v2\/types\/post"}],"author":[{"embeddable":true,"href":"https:\/\/infovera.com.ar\/web\/wp-json\/wp\/v2\/users\/3"}],"replies":[{"embeddable":true,"href":"https:\/\/infovera.com.ar\/web\/wp-json\/wp\/v2\/comments?post=35401"}],"version-history":[{"count":0,"href":"https:\/\/infovera.com.ar\/web\/wp-json\/wp\/v2\/posts\/35401\/revisions"}],"wp:featuredmedia":[{"embeddable":true,"href":"https:\/\/infovera.com.ar\/web\/wp-json\/wp\/v2\/media\/35402"}],"wp:attachment":[{"href":"https:\/\/infovera.com.ar\/web\/wp-json\/wp\/v2\/media?parent=35401"}],"wp:term":[{"taxonomy":"category","embeddable":true,"href":"https:\/\/infovera.com.ar\/web\/wp-json\/wp\/v2\/categories?post=35401"},{"taxonomy":"post_tag","embeddable":true,"href":"https:\/\/infovera.com.ar\/web\/wp-json\/wp\/v2\/tags?post=35401"}],"curies":[{"name":"wp","href":"https:\/\/api.w.org\/{rel}","templated":true}]}}