{"id":35336,"date":"2022-05-24T14:57:58","date_gmt":"2022-05-24T17:57:58","guid":{"rendered":"https:\/\/infovera.com.ar\/web\/?p=35336"},"modified":"2022-05-25T09:49:16","modified_gmt":"2022-05-25T12:49:16","slug":"sosa-recibio-al-equipo-del-proyecto-de-arqueologia-y-paisajes-socioambientales","status":"publish","type":"post","link":"https:\/\/infovera.com.ar\/web\/2022\/05\/24\/sosa-recibio-al-equipo-del-proyecto-de-arqueologia-y-paisajes-socioambientales\/","title":{"rendered":"Sosa recibi\u00f3 al equipo del proyecto de arqueolog\u00eda y paisajes socioambientales"},"content":{"rendered":"<p><strong>El senador Osvaldo Sosa, junto a la Intendenta Paula Mitre, recibieron al equipo que lleva adelante el proyecto de Arqueolog\u00eda y Paisajes Socioambientales de Vera y su entorno a trav\u00e9s de los milenios.<\/strong><\/p>\n<p>Sosa destac\u00f3: &#8220;Junto a la Intendenta de la ciudad de Vera, recibimos al quipo a cargo de llevar adelante el proyecto que pretende conocer y encontrar una explicaci\u00f3n cultural del pasado de la ciudad de Vera y sus alrededores.<\/p>\n<p>Con esa finalidad, se busca establecer los patrones de asentamientos arqueol\u00f3gicos y las presentaciones del pasado hist\u00f3rico reciente, y de esta manera conocer m\u00e1s la historia y los origines de poblaciones que habitaron esta regi\u00f3n.<\/p>\n<p>Sin dudas que es una gran iniciativa la tarea a realizar por el equipo, pero necesita el compromiso y el acompa\u00f1amiento de todos, para que nuestros ciudadanos cuentan con ra\u00edces m\u00e1s s\u00f3lidas y con el sentido de pertenencia m\u00e1s presente.<\/p>\n<p>Felicitaciones a todo los que colaboran con el proyecto, pero especialmente a los integrantes que lideran esto gran proyecto, a la Directora, Melina Coll y al Personal de apoyo Sandra Escudero, Brenda Bruno y Ana Osella&#8221;.<\/p>\n","protected":false},"excerpt":{"rendered":"<p>El senador Osvaldo Sosa, junto a la Intendenta Paula Mitre, recibieron al equipo que lleva adelante el proyecto de Arqueolog\u00eda y Paisajes Socioambientales de Vera y su entorno a trav\u00e9s de los milenios. Sosa destac\u00f3: &#8220;Junto a la Intendenta de la ciudad de Vera, recibimos al quipo a cargo de llevar adelante el proyecto que [&hellip;]<\/p>\n","protected":false},"author":3,"featured_media":35337,"comment_status":"closed","ping_status":"closed","sticky":false,"template":"","format":"standard","meta":{"_joinchat":[],"footnotes":""},"categories":[53],"tags":[],"class_list":{"0":"post-35336","1":"post","2":"type-post","3":"status-publish","4":"format-standard","5":"has-post-thumbnail","7":"category-vera"},"_links":{"self":[{"href":"https:\/\/infovera.com.ar\/web\/wp-json\/wp\/v2\/posts\/35336","targetHints":{"allow":["GET"]}}],"collection":[{"href":"https:\/\/infovera.com.ar\/web\/wp-json\/wp\/v2\/posts"}],"about":[{"href":"https:\/\/infovera.com.ar\/web\/wp-json\/wp\/v2\/types\/post"}],"author":[{"embeddable":true,"href":"https:\/\/infovera.com.ar\/web\/wp-json\/wp\/v2\/users\/3"}],"replies":[{"embeddable":true,"href":"https:\/\/infovera.com.ar\/web\/wp-json\/wp\/v2\/comments?post=35336"}],"version-history":[{"count":0,"href":"https:\/\/infovera.com.ar\/web\/wp-json\/wp\/v2\/posts\/35336\/revisions"}],"wp:featuredmedia":[{"embeddable":true,"href":"https:\/\/infovera.com.ar\/web\/wp-json\/wp\/v2\/media\/35337"}],"wp:attachment":[{"href":"https:\/\/infovera.com.ar\/web\/wp-json\/wp\/v2\/media?parent=35336"}],"wp:term":[{"taxonomy":"category","embeddable":true,"href":"https:\/\/infovera.com.ar\/web\/wp-json\/wp\/v2\/categories?post=35336"},{"taxonomy":"post_tag","embeddable":true,"href":"https:\/\/infovera.com.ar\/web\/wp-json\/wp\/v2\/tags?post=35336"}],"curies":[{"name":"wp","href":"https:\/\/api.w.org\/{rel}","templated":true}]}}