{"id":35279,"date":"2022-05-21T20:45:24","date_gmt":"2022-05-21T23:45:24","guid":{"rendered":"https:\/\/infovera.com.ar\/web\/?p=35279"},"modified":"2022-05-21T20:45:24","modified_gmt":"2022-05-21T23:45:24","slug":"repudio-a-una-amenaza-contra-la-vida-del-fiscal-leandro-mai","status":"publish","type":"post","link":"https:\/\/infovera.com.ar\/web\/2022\/05\/21\/repudio-a-una-amenaza-contra-la-vida-del-fiscal-leandro-mai\/","title":{"rendered":"Repudio a una amenaza contra la vida del fiscal Leandro Mai"},"content":{"rendered":"<p>Lo expresaron fiscales y funcionarios de la Fiscal\u00eda Regional. El hecho ocurri\u00f3 en el marco de una audiencia judicial y tuvo como victimario a un imputado. Todo qued\u00f3 registrado por las c\u00e1maras de la OGJ.<\/p>\n<p>Con el t\u00edtulo \u201cRepudiamos la violencia amenazas y da\u00f1os por el solo hecho de cumplir con la ley\u201d, los fiscales y funcionarios de la Fiscal\u00eda Regional de la IV Circunscripci\u00f3n Judicial expresaron su m\u00e1s \u201cen\u00e9rgico repudio\u201d al hecho y expresaron su solidaridad con el Dr. Leandro Mai y sus familiares.<\/p>\n<p>El d\u00eda 20 de junio en el marco de una audiencia de medidas cautelares celebrada en la Oficina de Gesti\u00f3n Judicial de Reconquista, el fiscal Mai fue objeto de una \u201cvelada y contundente amenaza verbal a su vida por parte del imputado (por un robo) Lagomarsino Agust\u00edn Nicol\u00e1s, hecho que fue presenciado por diferentes testigos\u201d, am\u00e9n de quedar registrado por las c\u00e1maras del lugar, puntualizaron.<\/p>\n<p>M\u00e1s adelante, en el parte dado a conocer en la tarde de este s\u00e1bado, los miembros de la Fiscal\u00eda Regional del MPA afirmaron que \u201ces funci\u00f3n del fiscal perseguir delitos\u201d, y agregaron que \u201cno es posible que el desarrollo de las investigaciones contra una persona pretenda morigerarse o pararse por estos hechos\u201d.<\/p>\n<p>\u201cEste acontecimiento es un nuevo desaf\u00edo a nuestras funciones, por lo que en el futuro redoblaremos los esfuerzos para resolver los conflictos de la ciudadan\u00eda conforme lo contempla la Constituci\u00f3n Nacional\u201d, sostuvieron.<\/p>\n<p>Gravedad<\/p>\n<p>Por otra parte, tambi\u00e9n pusieron el foco en un hecho de similar gravedad que se produjo en la ciudad de Villa Ocampo el d\u00eda 19 de mayo donde, a ra\u00edz de un procedimiento dispuesto por un fiscal y autorizado por un juez, personal policial, m\u00f3viles oficiales y particulares sufrieron da\u00f1os de consideraci\u00f3n por parte de terceros, solo con el fin de evitar el cumplimiento de la medida.<\/p>\n<p>Al respecto, los representantes en el norte provincial del Ministerio P\u00fablico de la Acusaci\u00f3n abogaron por el \u201ccese de este tipo de situaciones, y que los mismos no se conviertan en una habitualidad que puedan ser un condicionamiento a nuestro trabajo o el de otros estamentos. Ratificamos nuestro compromiso incondicional con la sanci\u00f3n de ese tipo de conductas y la defensa irrestricta de los derechos\u201d.<\/p>\n<p>En la misma l\u00ednea, manifestaron que en un Estado de derecho los conflictos deben resolverse dentro del marco de la ley, siendo uno de los pilares en los que se apoya la rep\u00fablica es la de la administraci\u00f3n de justicia. \u201cEl sistema jur\u00eddico tiene habilitado canales procesales en donde los ciudadanos son juzgados con las debidas garant\u00edas constitucionales. La violencia implica un menosprecio al Estado de derecho, al sistema republicano de gobierno y, en definitiva, a la paz social\u201d, advirtieron, con preocupaci\u00f3n.<\/p>\n","protected":false},"excerpt":{"rendered":"<p>Lo expresaron fiscales y funcionarios de la Fiscal\u00eda Regional. El hecho ocurri\u00f3 en el marco de una audiencia judicial y tuvo como victimario a un imputado. Todo qued\u00f3 registrado por las c\u00e1maras de la OGJ. Con el t\u00edtulo \u201cRepudiamos la violencia amenazas y da\u00f1os por el solo hecho de cumplir con la ley\u201d, los fiscales [&hellip;]<\/p>\n","protected":false},"author":3,"featured_media":35280,"comment_status":"closed","ping_status":"closed","sticky":false,"template":"","format":"standard","meta":{"_joinchat":[],"footnotes":""},"categories":[55],"tags":[],"class_list":{"0":"post-35279","1":"post","2":"type-post","3":"status-publish","4":"format-standard","5":"has-post-thumbnail","7":"category-reconquista"},"_links":{"self":[{"href":"https:\/\/infovera.com.ar\/web\/wp-json\/wp\/v2\/posts\/35279","targetHints":{"allow":["GET"]}}],"collection":[{"href":"https:\/\/infovera.com.ar\/web\/wp-json\/wp\/v2\/posts"}],"about":[{"href":"https:\/\/infovera.com.ar\/web\/wp-json\/wp\/v2\/types\/post"}],"author":[{"embeddable":true,"href":"https:\/\/infovera.com.ar\/web\/wp-json\/wp\/v2\/users\/3"}],"replies":[{"embeddable":true,"href":"https:\/\/infovera.com.ar\/web\/wp-json\/wp\/v2\/comments?post=35279"}],"version-history":[{"count":0,"href":"https:\/\/infovera.com.ar\/web\/wp-json\/wp\/v2\/posts\/35279\/revisions"}],"wp:featuredmedia":[{"embeddable":true,"href":"https:\/\/infovera.com.ar\/web\/wp-json\/wp\/v2\/media\/35280"}],"wp:attachment":[{"href":"https:\/\/infovera.com.ar\/web\/wp-json\/wp\/v2\/media?parent=35279"}],"wp:term":[{"taxonomy":"category","embeddable":true,"href":"https:\/\/infovera.com.ar\/web\/wp-json\/wp\/v2\/categories?post=35279"},{"taxonomy":"post_tag","embeddable":true,"href":"https:\/\/infovera.com.ar\/web\/wp-json\/wp\/v2\/tags?post=35279"}],"curies":[{"name":"wp","href":"https:\/\/api.w.org\/{rel}","templated":true}]}}