{"id":35260,"date":"2022-05-20T19:03:59","date_gmt":"2022-05-20T22:03:59","guid":{"rendered":"https:\/\/infovera.com.ar\/web\/?p=35260"},"modified":"2022-05-20T19:03:59","modified_gmt":"2022-05-20T22:03:59","slug":"un-supuesto-apriete-enervo-el-clima-politico-en-el-concejo-de-reconquista","status":"publish","type":"post","link":"https:\/\/infovera.com.ar\/web\/2022\/05\/20\/un-supuesto-apriete-enervo-el-clima-politico-en-el-concejo-de-reconquista\/","title":{"rendered":"Un supuesto \u201capriete\u201d enerv\u00f3 el clima pol\u00edtico en el Concejo de Reconquista"},"content":{"rendered":"<p><strong>La edil opositora Natalia Capparelli expuso que fue intimidada por una concejala oficialista. E hizo constar en actas su aseveraci\u00f3n. Pero, en plena sesi\u00f3n fue desmentida por la acusada que podr\u00eda demandarla.<\/strong><\/p>\n<p>\u201cNo te preocupes que el Movimiento Evita sabe muy bien donde vos viv\u00eds\u201d. La denuncia p\u00fablica fue formulada en plena sesi\u00f3n semanal del Concejo Municipal de Reconquista por la concejala Natalia Capparelli, de Juntos por el Cambio, y apunt\u00f3 contra una edil del oficialismo que, supuestamente, busc\u00f3 intimidarla con esos dichos.<\/p>\n<p>La reuni\u00f3n de los jueves transcurr\u00eda con normalidad en el recinto legislativo hasta que Capparelli plante\u00f3 que era su intenci\u00f3n \u201chacer menci\u00f3n a otra situaci\u00f3n que se dio en el marco de la Comisi\u00f3n de Obras P\u00fablicas (que preside) y que me parece que no puede pasar por alto, que considero que necesita tambi\u00e9n ser mencionado\u201d.<\/p>\n<p>Acto seguido, la referente opositora expuso sin nombrarla que, en el marco de la discusi\u00f3n por el orden de prelaci\u00f3n para entrega de lotes sociales por parte de Instituto de Tierra y Vivienda que funciona en el \u00e1mbito del Ejecutivo, \u201cuna de las concejalas se refiri\u00f3 a m\u00ed persona diciendo \u2018no te preocupes que el Movimiento Evita sabe muy bien donde vos viv\u00eds\u2019\u201d.<\/p>\n<p>Tras la par\u00e1frasis de ese \u201capriete\u201d de la que dijo ser v\u00edctima, Capparelli sostuvo, sentada en su banca de la primera fila del hemiciclo de la sala, que \u201cno hay ninguna expresi\u00f3n, ninguna circunstancia que justifique este tipo de presiones que claramente demuestran cierta prepotencia, cierta impunidad, cierto apriete\u201d.<\/p>\n<p>Con tono firme y segura de sus expresiones, reflexion\u00f3 que \u201ctodos somos dirigentes pol\u00edticos, somos todos adultos, estamos en una instituci\u00f3n democr\u00e1tica y debemos cuidar nuestras palabras. Nuestras expresiones, cada expresi\u00f3n tiene un valor y esta expresi\u00f3n fue absolutamente inadecuada para un \u00f3rgano legislativo y para el \u00e1mbito de discusi\u00f3n donde nos encontramos\u201d.<\/p>\n<p><strong>Antecedente vinculante<\/strong><\/p>\n<p>Y pidi\u00f3 \u201cdejar asentado esto en la sesi\u00f3n porque me parece terrible, me parece grave este tipo de expresiones\u201d, al tiempo que responsabiliz\u00f3 a la edil apuntada de \u201ccualquier situaci\u00f3n que suceda que puede alterar la tranquilidad de mi hogar, de mi familia o de mi persona bajo el tratamiento de este expediente. Quiero dejar esto como antecedente vinculante\u201d.<\/p>\n<p>Para completar su afirmaci\u00f3n, que cay\u00f3 como un balde de agua fr\u00eda entre sus pares que en un primer momento no atinaron a emitir palabra, insisti\u00f3: \u201cMe parece que claramente se ha excedido en sus palabras. Ha sido la expresi\u00f3n desafortunada, sin lugar a dudas. Ac\u00e1 somos todos dirigentes y somos responsables de nuestras palabras. Quiero que quede asentado en el acta. Esto debe ser se\u00f1alado, no es el marco ni la conducta adecuada de una legisladora local y debe ser repudiado ante este Concejo\u201d.<\/p>\n<p>Ante tama\u00f1a imputaci\u00f3n, la jefa del bloque del PJ, Nancy Sartor, la conmin\u00f3 a que identifique con nombre y apellido a quien estaba haciendo referencia. Capparelli respondi\u00f3: \u201cLa concejala Constanza Arzamendia\u201d.<\/p>\n<p><strong>Desmentida<\/strong><\/p>\n<p>La respuesta de la sindicada no tard\u00f3 en llegar para desmentir de plano lo vertido por la denunciante y emplazarla a que \u201cvas a tener que probar lo que est\u00e1s diciendo\u201d. Por este conflicto suscitado en el seno mismo del legislativo, <strong>InfoVera<\/strong> consult\u00f3 a la aludida, quien dijo que estudia las acciones a seguir, y aunque dej\u00f3 en claro que no descarta accionar penalmente aclar\u00f3 que primero ir\u00e1 por un pedido de disculpas, de reparaci\u00f3n p\u00fablica en el mismo \u00e1mbito donde ocurri\u00f3 la afrenta de la que se sinti\u00f3 objeto.<\/p>\n<p>\u201cCon el paso de las horas y ya m\u00e1s calmada no s\u00e9 si voy a ir por la v\u00eda judicial, primero me inclinar\u00eda por un pedido de disculpas p\u00fablico, y si eso no ocurre analizar\u00e9 con mi familia qu\u00e9 hacer. Es que ayer estaba con mucha bronca, pero hoy pienso que tengo trabajar cuatro a\u00f1os con esta persona, entonces primero me inclino por eso\u201d, asever\u00f3 Arzamendia. \u201cNo tengo respuesta de por qu\u00e9 hizo lo que hizo, yo creo que el a\u00f1o que viene es pol\u00edtico y eso tendr\u00e1 algo que ver\u201d, indic\u00f3, en referencia a que Capparelli anunci\u00f3 que competir\u00e1 por la intendencia de Reconquista el a\u00f1o pr\u00f3ximo.<\/p>\n<p>En medio del cruce que alter\u00f3 la habitual calma del Concejo, el presidente Gustavo L\u00f3pez ofreci\u00f3 un pedido de disculpas a su par por cualquier expresi\u00f3n que la hubiere podido ofender en el marco del debate de la \u00faltima reuni\u00f3n de la Comisi\u00f3n de Obras P\u00fablicas. En las \u00faltimas horas, este medio tuvo acceso al acta manuscrita de ese encuentro que en ninguna parte refleja ni recoge el mencionado incidente, a pesar de que Capparelli es la titular de esa Comisi\u00f3n interna.<\/p>\n<p><strong>En ebullici\u00f3n<\/strong><\/p>\n<p>El tema de los lotes sociales se mantiene en estado de ebullici\u00f3n entre los distintos sectores pol\u00edticos de esta ciudad desde que por las tomas ocurridas el a\u00f1o pasado fueran imputados centenares de usurpadores, y sobre todo funcionarios municipales del Instituto Tierra y Vivienda pertenecientes al Movimiento Evita por la coautor\u00eda de los delitos de instigaci\u00f3n a cometer delitos, usurpaci\u00f3n en car\u00e1cter de inductores, usurpaci\u00f3n de funciones correspondientes a otro cargo, incumplimiento de los deberes de funcionario p\u00fablico e inducci\u00f3n a la usurpaci\u00f3n. La investigaci\u00f3n y posterior imputaci\u00f3n fue realizada por el fiscal Leandro Mai, esposo de la concejala Capparelli, en julio del a\u00f1o pasado. En aquel momento, en pleno proceso eleccionario, el Movimiento de Mujeres Peronistas, con el apoyo de amplios sectores del PJ provincial y nacional, emiti\u00f3 un documento cr\u00edtico: \u201cSostenemos el repudio y rechazo a la violencia de g\u00e9nero e institucional ejercido a dos trabajadoras municipales de la localidad de Reconquista\u201d a las que se les allanaron \u201csus domicilios particulares y no las dependencias laborales\u201d, mientras que desde el PJ General Obligado hablaron de \u201cpolitizaci\u00f3n judicial\u201d.<\/p>\n<p><a href=\"https:\/\/infovera.com.ar\/web\/wp-content\/uploads\/2022\/05\/acta-1.jpg\"><img loading=\"lazy\" decoding=\"async\" class=\"alignleft size-large wp-image-35262\" src=\"https:\/\/infovera.com.ar\/web\/wp-content\/uploads\/2022\/05\/acta-1-576x1024.jpg\" alt=\"\" width=\"576\" height=\"1024\" srcset=\"https:\/\/infovera.com.ar\/web\/wp-content\/uploads\/2022\/05\/acta-1-576x1024.jpg 576w, https:\/\/infovera.com.ar\/web\/wp-content\/uploads\/2022\/05\/acta-1-169x300.jpg 169w, https:\/\/infovera.com.ar\/web\/wp-content\/uploads\/2022\/05\/acta-1-768x1366.jpg 768w, https:\/\/infovera.com.ar\/web\/wp-content\/uploads\/2022\/05\/acta-1-864x1536.jpg 864w, https:\/\/infovera.com.ar\/web\/wp-content\/uploads\/2022\/05\/acta-1-696x1238.jpg 696w, https:\/\/infovera.com.ar\/web\/wp-content\/uploads\/2022\/05\/acta-1-236x420.jpg 236w, https:\/\/infovera.com.ar\/web\/wp-content\/uploads\/2022\/05\/acta-1.jpg 899w\" sizes=\"auto, (max-width: 576px) 100vw, 576px\" \/><\/a> <a href=\"https:\/\/infovera.com.ar\/web\/wp-content\/uploads\/2022\/05\/acta.jpg\"><img loading=\"lazy\" decoding=\"async\" class=\"alignleft size-large wp-image-35263\" src=\"https:\/\/infovera.com.ar\/web\/wp-content\/uploads\/2022\/05\/acta-576x1024.jpg\" alt=\"\" width=\"576\" height=\"1024\" srcset=\"https:\/\/infovera.com.ar\/web\/wp-content\/uploads\/2022\/05\/acta-576x1024.jpg 576w, https:\/\/infovera.com.ar\/web\/wp-content\/uploads\/2022\/05\/acta-169x300.jpg 169w, https:\/\/infovera.com.ar\/web\/wp-content\/uploads\/2022\/05\/acta-768x1366.jpg 768w, https:\/\/infovera.com.ar\/web\/wp-content\/uploads\/2022\/05\/acta-864x1536.jpg 864w, https:\/\/infovera.com.ar\/web\/wp-content\/uploads\/2022\/05\/acta-696x1238.jpg 696w, https:\/\/infovera.com.ar\/web\/wp-content\/uploads\/2022\/05\/acta-236x420.jpg 236w, https:\/\/infovera.com.ar\/web\/wp-content\/uploads\/2022\/05\/acta.jpg 899w\" sizes=\"auto, (max-width: 576px) 100vw, 576px\" \/><\/a><\/p>\n<p>&nbsp;<\/p>\n","protected":false},"excerpt":{"rendered":"<p>La edil opositora Natalia Capparelli expuso que fue intimidada por una concejala oficialista. E hizo constar en actas su aseveraci\u00f3n. Pero, en plena sesi\u00f3n fue desmentida por la acusada que podr\u00eda demandarla. \u201cNo te preocupes que el Movimiento Evita sabe muy bien donde vos viv\u00eds\u201d. La denuncia p\u00fablica fue formulada en plena sesi\u00f3n semanal del [&hellip;]<\/p>\n","protected":false},"author":3,"featured_media":35261,"comment_status":"closed","ping_status":"closed","sticky":false,"template":"","format":"standard","meta":{"_joinchat":[],"footnotes":""},"categories":[55],"tags":[],"class_list":{"0":"post-35260","1":"post","2":"type-post","3":"status-publish","4":"format-standard","5":"has-post-thumbnail","7":"category-reconquista"},"_links":{"self":[{"href":"https:\/\/infovera.com.ar\/web\/wp-json\/wp\/v2\/posts\/35260","targetHints":{"allow":["GET"]}}],"collection":[{"href":"https:\/\/infovera.com.ar\/web\/wp-json\/wp\/v2\/posts"}],"about":[{"href":"https:\/\/infovera.com.ar\/web\/wp-json\/wp\/v2\/types\/post"}],"author":[{"embeddable":true,"href":"https:\/\/infovera.com.ar\/web\/wp-json\/wp\/v2\/users\/3"}],"replies":[{"embeddable":true,"href":"https:\/\/infovera.com.ar\/web\/wp-json\/wp\/v2\/comments?post=35260"}],"version-history":[{"count":0,"href":"https:\/\/infovera.com.ar\/web\/wp-json\/wp\/v2\/posts\/35260\/revisions"}],"wp:featuredmedia":[{"embeddable":true,"href":"https:\/\/infovera.com.ar\/web\/wp-json\/wp\/v2\/media\/35261"}],"wp:attachment":[{"href":"https:\/\/infovera.com.ar\/web\/wp-json\/wp\/v2\/media?parent=35260"}],"wp:term":[{"taxonomy":"category","embeddable":true,"href":"https:\/\/infovera.com.ar\/web\/wp-json\/wp\/v2\/categories?post=35260"},{"taxonomy":"post_tag","embeddable":true,"href":"https:\/\/infovera.com.ar\/web\/wp-json\/wp\/v2\/tags?post=35260"}],"curies":[{"name":"wp","href":"https:\/\/api.w.org\/{rel}","templated":true}]}}