{"id":35195,"date":"2022-05-18T20:56:48","date_gmt":"2022-05-18T23:56:48","guid":{"rendered":"https:\/\/infovera.com.ar\/web\/?p=35195"},"modified":"2022-05-20T14:05:39","modified_gmt":"2022-05-20T17:05:39","slug":"el-frente-unido","status":"publish","type":"post","link":"https:\/\/infovera.com.ar\/web\/2022\/05\/18\/el-frente-unido\/","title":{"rendered":"El Frente unido"},"content":{"rendered":"<p>Tras la presentaci\u00f3n del Plan Estrategico Participativo el d\u00eda lunes, un dato que no pas\u00f3 desapercibido para InfoVera fue la formalizacion en la gesti\u00f3n municipal del Frente pol\u00edtico que el a\u00f1o pasado conformaron el partido CREO y el Socialismo.<\/p>\n<p>Luego de haber optado por medirse en una interna, trabajaron juntos para lograr las 2 bancas que el oficialismo tiene en el Concejo Municipal.<\/p>\n<p>Esa formalizacion ofreci\u00f3 este lunes se\u00f1ales pol\u00edticas claras, desde la integraci\u00f3n de la mesa principal donde estuvo incluida la \u00fanica diputada socialista del Norte Maria Laura Corgniali, hasta la presentaci\u00f3n del proceso participativo que realiz\u00f3 el ingeniero Pablo Seghezzo, que ser\u00e1 un asesor externo importante. Y lo que termin\u00f3 de confirmar todo fue el anuncio como coordinadora de este proceso de Ana Paula Capello, que es la actual secretaria general del PS en Vera.<\/p>\n<p>Ante la claridad de este hecho pol\u00edtico internacional quedaron algunas dudas puntuales, como por ejemplo cu\u00e1l es el papel que tiene quien fuera el representante del socialismo en los \u00faltimos tiempos, Chiqui Rojas, que si bien estuvo presente en el acto, lo hizo con un perfil muy bajo. Y por otro lado, se la pudo ver a Gabriela Zampar con este espacio y muchos se preguntan si volver\u00e1 al ruedo pol\u00edtico.<\/p>\n","protected":false},"excerpt":{"rendered":"<p>Tras la presentaci\u00f3n del Plan Estrategico Participativo el d\u00eda lunes, un dato que no pas\u00f3 desapercibido para InfoVera fue la formalizacion en la gesti\u00f3n municipal del Frente pol\u00edtico que el a\u00f1o pasado conformaron el partido CREO y el Socialismo. Luego de haber optado por medirse en una interna, trabajaron juntos para lograr las 2 bancas [&hellip;]<\/p>\n","protected":false},"author":3,"featured_media":35196,"comment_status":"closed","ping_status":"closed","sticky":false,"template":"","format":"standard","meta":{"_joinchat":[],"footnotes":""},"categories":[53],"tags":[],"class_list":{"0":"post-35195","1":"post","2":"type-post","3":"status-publish","4":"format-standard","5":"has-post-thumbnail","7":"category-vera"},"_links":{"self":[{"href":"https:\/\/infovera.com.ar\/web\/wp-json\/wp\/v2\/posts\/35195","targetHints":{"allow":["GET"]}}],"collection":[{"href":"https:\/\/infovera.com.ar\/web\/wp-json\/wp\/v2\/posts"}],"about":[{"href":"https:\/\/infovera.com.ar\/web\/wp-json\/wp\/v2\/types\/post"}],"author":[{"embeddable":true,"href":"https:\/\/infovera.com.ar\/web\/wp-json\/wp\/v2\/users\/3"}],"replies":[{"embeddable":true,"href":"https:\/\/infovera.com.ar\/web\/wp-json\/wp\/v2\/comments?post=35195"}],"version-history":[{"count":0,"href":"https:\/\/infovera.com.ar\/web\/wp-json\/wp\/v2\/posts\/35195\/revisions"}],"wp:featuredmedia":[{"embeddable":true,"href":"https:\/\/infovera.com.ar\/web\/wp-json\/wp\/v2\/media\/35196"}],"wp:attachment":[{"href":"https:\/\/infovera.com.ar\/web\/wp-json\/wp\/v2\/media?parent=35195"}],"wp:term":[{"taxonomy":"category","embeddable":true,"href":"https:\/\/infovera.com.ar\/web\/wp-json\/wp\/v2\/categories?post=35195"},{"taxonomy":"post_tag","embeddable":true,"href":"https:\/\/infovera.com.ar\/web\/wp-json\/wp\/v2\/tags?post=35195"}],"curies":[{"name":"wp","href":"https:\/\/api.w.org\/{rel}","templated":true}]}}