{"id":35163,"date":"2022-05-17T13:46:17","date_gmt":"2022-05-17T16:46:17","guid":{"rendered":"https:\/\/infovera.com.ar\/web\/?p=35163"},"modified":"2022-05-17T13:46:17","modified_gmt":"2022-05-17T16:46:17","slug":"75-millones-de-personas-cobraran-la-primera-cuota-del-refuerzo-de-ingresos","status":"publish","type":"post","link":"https:\/\/infovera.com.ar\/web\/2022\/05\/17\/75-millones-de-personas-cobraran-la-primera-cuota-del-refuerzo-de-ingresos\/","title":{"rendered":"7,5 millones de personas cobrar\u00e1n la primera cuota del refuerzo de ingresos"},"content":{"rendered":"<p>ANSES informa que, desde este jueves 19 de mayo,\u00a0<b>7,5 millones<\/b>\u00a0de trabajadores informales, empleados de casas particulares, monotributistas A, B y sociales, cuyas inscripciones al Refuerzo de Ingresos fueron aprobadas, recibir\u00e1n la primera cuota de 9000 pesos.<\/p>\n<p>En este sentido, el cronograma de pago seg\u00fan terminaci\u00f3n de DNI ser\u00e1 de la siguiente forma:<\/p>\n<p>\u00b7\u00a0\u00a0\u00a0\u00a0\u00a0\u00a0\u00a0\u00a0DNI terminados en\u00a0<b>0:<\/b>\u00a019 de mayo<\/p>\n<p>\u00b7\u00a0\u00a0\u00a0\u00a0\u00a0\u00a0\u00a0\u00a0DNI terminados en\u00a0<b>1<\/b>: 20 de mayo<\/p>\n<p>\u00b7\u00a0\u00a0\u00a0\u00a0\u00a0\u00a0\u00a0\u00a0DNI terminados en\u00a0<b>2<\/b>: 23 de mayo<\/p>\n<p>\u00b7\u00a0\u00a0\u00a0\u00a0\u00a0\u00a0\u00a0\u00a0DNI terminados en\u00a0<b>3<\/b>: 24 de mayo<\/p>\n<p>\u00b7\u00a0\u00a0\u00a0\u00a0\u00a0\u00a0\u00a0\u00a0DNI terminados en\u00a0<b>4<\/b>: 26 de mayo<\/p>\n<p>\u00b7\u00a0\u00a0\u00a0\u00a0\u00a0\u00a0\u00a0\u00a0DNI terminados en\u00a0<b>5<\/b>: 27 de mayo<\/p>\n<p>\u00b7\u00a0\u00a0\u00a0\u00a0\u00a0\u00a0\u00a0\u00a0DNI terminados en\u00a0<b>6<\/b>: 30 de mayo<\/p>\n<p>\u00b7\u00a0\u00a0\u00a0\u00a0\u00a0\u00a0\u00a0\u00a0DNI terminados en\u00a0<b>7<\/b>: 31 de mayo<\/p>\n<p>\u00b7\u00a0\u00a0\u00a0\u00a0\u00a0\u00a0\u00a0\u00a0DNI terminados en\u00a0<b>8<\/b>: 1 de junio<\/p>\n<p>\u00b7\u00a0\u00a0\u00a0\u00a0\u00a0\u00a0\u00a0\u00a0DNI terminados en\u00a0<b>9<\/b>: 2 de junio<\/p>\n<p>Cabe aclarar, que recibir\u00e1n el Refuerzo de Ingresos en la CBU que informaron al momento de completar la inscripci\u00f3n.<\/p>\n","protected":false},"excerpt":{"rendered":"<p>ANSES informa que, desde este jueves 19 de mayo,\u00a07,5 millones\u00a0de trabajadores informales, empleados de casas particulares, monotributistas A, B y sociales, cuyas inscripciones al Refuerzo de Ingresos fueron aprobadas, recibir\u00e1n la primera cuota de 9000 pesos. En este sentido, el cronograma de pago seg\u00fan terminaci\u00f3n de DNI ser\u00e1 de la siguiente forma: \u00b7\u00a0\u00a0\u00a0\u00a0\u00a0\u00a0\u00a0\u00a0DNI terminados en\u00a00:\u00a019 [&hellip;]<\/p>\n","protected":false},"author":3,"featured_media":35164,"comment_status":"closed","ping_status":"closed","sticky":false,"template":"","format":"standard","meta":{"_joinchat":[],"footnotes":""},"categories":[62],"tags":[],"class_list":{"0":"post-35163","1":"post","2":"type-post","3":"status-publish","4":"format-standard","5":"has-post-thumbnail","7":"category-nacionales"},"_links":{"self":[{"href":"https:\/\/infovera.com.ar\/web\/wp-json\/wp\/v2\/posts\/35163","targetHints":{"allow":["GET"]}}],"collection":[{"href":"https:\/\/infovera.com.ar\/web\/wp-json\/wp\/v2\/posts"}],"about":[{"href":"https:\/\/infovera.com.ar\/web\/wp-json\/wp\/v2\/types\/post"}],"author":[{"embeddable":true,"href":"https:\/\/infovera.com.ar\/web\/wp-json\/wp\/v2\/users\/3"}],"replies":[{"embeddable":true,"href":"https:\/\/infovera.com.ar\/web\/wp-json\/wp\/v2\/comments?post=35163"}],"version-history":[{"count":0,"href":"https:\/\/infovera.com.ar\/web\/wp-json\/wp\/v2\/posts\/35163\/revisions"}],"wp:featuredmedia":[{"embeddable":true,"href":"https:\/\/infovera.com.ar\/web\/wp-json\/wp\/v2\/media\/35164"}],"wp:attachment":[{"href":"https:\/\/infovera.com.ar\/web\/wp-json\/wp\/v2\/media?parent=35163"}],"wp:term":[{"taxonomy":"category","embeddable":true,"href":"https:\/\/infovera.com.ar\/web\/wp-json\/wp\/v2\/categories?post=35163"},{"taxonomy":"post_tag","embeddable":true,"href":"https:\/\/infovera.com.ar\/web\/wp-json\/wp\/v2\/tags?post=35163"}],"curies":[{"name":"wp","href":"https:\/\/api.w.org\/{rel}","templated":true}]}}