{"id":35050,"date":"2022-05-12T23:52:12","date_gmt":"2022-05-13T02:52:12","guid":{"rendered":"https:\/\/infovera.com.ar\/web\/?p=35050"},"modified":"2022-05-14T12:37:02","modified_gmt":"2022-05-14T15:37:02","slug":"plan-ganar-julian-dominguez-continuo-con-las-jornadas-de-trabajo-federal-desde-santa-fe-y-afirmo-que-el-centro-de-nuestro-trabajo-es-defender-al-productor","status":"publish","type":"post","link":"https:\/\/infovera.com.ar\/web\/2022\/05\/12\/plan-ganar-julian-dominguez-continuo-con-las-jornadas-de-trabajo-federal-desde-santa-fe-y-afirmo-que-el-centro-de-nuestro-trabajo-es-defender-al-productor\/","title":{"rendered":"Plan GanAr: Juli\u00e1n Dom\u00ednguez continu\u00f3 con las jornadas de trabajo federal desde Santa Fe"},"content":{"rendered":"<p><strong>La jornada se desarroll\u00f3 en el predio de la Sociedad Rural de Reconquista, donde se presentaron las metas de la iniciativa para incrementar la producci\u00f3n de carne en 600 mil toneladas al 2030, aumentar el stock ganadero y el peso de faena para mejorar la productividad.<\/strong><\/p>\n<p>Luego, se trabaj\u00f3 en conjunto con los actores locales para avanzar en una propuesta que identifique los pasos a seguir en el \u00e1mbito provincial y permita el dise\u00f1o de pol\u00edticas p\u00fablicas diferenciales para el sistema ganadero local, que representen la diversidad e identidad productividad de la provincia.<\/p>\n<p>En ese sentido, el titular de la cartera agropecuaria nacional indic\u00f3: &#8220;Hoy estamos ac\u00e1 con el ministro Daniel Costamagna para trabajar juntos en la presentaci\u00f3n para la provincia de Santa Fe. Es la continuidad del trabajo que comenzamos en el INTA Balcarce para Buenos Aires y que continuar\u00e1 con esta impronta federal&#8221;.<\/p>\n<p>El ministro nacional explic\u00f3 que &#8220;el Plan GanAr tiene un esquema din\u00e1mico, donde cada provincia le aporta su identidad propia y su idiosincrasia y representa las necesidades y expectativas de sus productores&#8221;.<\/p>\n<div class=\"fotonoticia col-md-9\">\n<p><img decoding=\"async\" class=\"img-responsive\" src=\"https:\/\/www.magyp.gob.ar\/sitio\/_fotos\/220512200822_original.jpg\" \/><\/p>\n<div class=\"resultado\"><\/div>\n<\/div>\n<p>&nbsp;<\/p>\n<p>&#8220;Queremos que sean las provincias, con las entidades, universidades, colegios agropecuarios, los actores del sistema productivo regional, vayan marcando el camino a seguir en materia de desarrollo de este prop\u00f3sito al 2030 de aumentar la producci\u00f3n&#8221;, continu\u00f3.<\/p>\n<p>Adem\u00e1s, Juli\u00e1n Dom\u00ednguez cont\u00f3 el trabajo que se est\u00e1 realizando desde la cartera para &#8220;iniciar este a\u00f1o un proceso de certificaci\u00f3n de producci\u00f3n ganadera&#8221;. Al respecto, plante\u00f3: &#8220;Queremos incorporar a este plan ganadero un esquema \u00fanico de certificaci\u00f3n de nuestra producci\u00f3n y que el mundo sepa que tenemos las mejores capacidades nacionales para darle respuesta a los desaf\u00edos del cambio clim\u00e1tico&#8221;.<\/p>\n<div class=\"fotonoticia col-md-9\">\n<p><img decoding=\"async\" class=\"img-responsive\" src=\"https:\/\/www.magyp.gob.ar\/sitio\/_fotos\/220512201728_original.jpg\" \/><\/p>\n<div class=\"resultado\">En tanto, Daniel Costamagna sostuvo: &#8220;Vamos a acompa\u00f1ar todo lo que hoy proponga el Ministro Juli\u00e1n Dom\u00ednguez y su equipo. Y vamos a sumarle la impronta que tenemos desde Carne Santafesina 2000&#8221;. Adem\u00e1s, afirm\u00f3 que &#8220;el desaf\u00edo de todos es tener previsibilidad, reglas claras y un camino de crecimiento&#8221;. &#8220;Pensemos en producir m\u00e1s, y en ese camino cuenten con nosotros&#8221;, concluy\u00f3.<\/div>\n<\/div>\n<p>&nbsp;<\/p>\n<p>Durante la jornada, se desarrollaron distintas mesas de trabajos encabezadas por los equipos t\u00e9cnicos de la cartera que abordaron distintas acciones y estrategias junto a los actores locales. All\u00ed se buscaron herramientas para incrementar la producci\u00f3n de manera sostenible, agregar valor, modernizar el sistema de comercializaci\u00f3n de carne bovina y fortalecer las pol\u00edticas del sector ganadero.<\/p>\n<p>Participaron de la jornada de trabajo, el titular de la Unidad de Gabinete de Asesores, Jorge Ruiz; el secretario de Agricultura, Ganader\u00eda y Pesca de la Naci\u00f3n, Mat\u00edas Lestani; el subsecretario de Ganader\u00eda y Producci\u00f3n Animal, Jos\u00e9 Mar\u00eda Romero; y el Director Nacional de Producci\u00f3n Ganadera, Patricio Digilio.<\/p>\n","protected":false},"excerpt":{"rendered":"<p>La jornada se desarroll\u00f3 en el predio de la Sociedad Rural de Reconquista, donde se presentaron las metas de la iniciativa para incrementar la producci\u00f3n de carne en 600 mil toneladas al 2030, aumentar el stock ganadero y el peso de faena para mejorar la productividad. Luego, se trabaj\u00f3 en conjunto con los actores locales [&hellip;]<\/p>\n","protected":false},"author":3,"featured_media":35052,"comment_status":"closed","ping_status":"closed","sticky":false,"template":"","format":"standard","meta":{"_joinchat":[],"footnotes":""},"categories":[55],"tags":[],"class_list":{"0":"post-35050","1":"post","2":"type-post","3":"status-publish","4":"format-standard","5":"has-post-thumbnail","7":"category-reconquista"},"_links":{"self":[{"href":"https:\/\/infovera.com.ar\/web\/wp-json\/wp\/v2\/posts\/35050","targetHints":{"allow":["GET"]}}],"collection":[{"href":"https:\/\/infovera.com.ar\/web\/wp-json\/wp\/v2\/posts"}],"about":[{"href":"https:\/\/infovera.com.ar\/web\/wp-json\/wp\/v2\/types\/post"}],"author":[{"embeddable":true,"href":"https:\/\/infovera.com.ar\/web\/wp-json\/wp\/v2\/users\/3"}],"replies":[{"embeddable":true,"href":"https:\/\/infovera.com.ar\/web\/wp-json\/wp\/v2\/comments?post=35050"}],"version-history":[{"count":0,"href":"https:\/\/infovera.com.ar\/web\/wp-json\/wp\/v2\/posts\/35050\/revisions"}],"wp:featuredmedia":[{"embeddable":true,"href":"https:\/\/infovera.com.ar\/web\/wp-json\/wp\/v2\/media\/35052"}],"wp:attachment":[{"href":"https:\/\/infovera.com.ar\/web\/wp-json\/wp\/v2\/media?parent=35050"}],"wp:term":[{"taxonomy":"category","embeddable":true,"href":"https:\/\/infovera.com.ar\/web\/wp-json\/wp\/v2\/categories?post=35050"},{"taxonomy":"post_tag","embeddable":true,"href":"https:\/\/infovera.com.ar\/web\/wp-json\/wp\/v2\/tags?post=35050"}],"curies":[{"name":"wp","href":"https:\/\/api.w.org\/{rel}","templated":true}]}}