{"id":35040,"date":"2022-05-12T12:59:21","date_gmt":"2022-05-12T15:59:21","guid":{"rendered":"https:\/\/infovera.com.ar\/web\/?p=35040"},"modified":"2022-05-12T12:59:21","modified_gmt":"2022-05-12T15:59:21","slug":"gestiones-para-la-terminal-del-omnibus-en-el-ministerio-de-transporte-de-la-nacion","status":"publish","type":"post","link":"https:\/\/infovera.com.ar\/web\/2022\/05\/12\/gestiones-para-la-terminal-del-omnibus-en-el-ministerio-de-transporte-de-la-nacion\/","title":{"rendered":"Gestiones para la terminal del \u00f3mnibus en el Ministerio de Transporte de la Naci\u00f3n"},"content":{"rendered":"<p><strong>La intendente Paula Mitre, acompa\u00f1ada por la presidente del Concejo, Nancy Senn, fueron recibidas por el secretario de Transporte de la Naci\u00f3n, Diego Giuliano,<\/strong> el jefe de Gabinete de la Secretario de Gesti\u00f3n del Transporte Tom\u00e1s Vernet y el director de Gesti\u00f3n T\u00e9cnica, Francisco Sellar\u00e9s, para consultar acerca del avance del proyecto para la finalizaci\u00f3n de la terminal de \u00f3mnibus de la ciudad.<\/p>\n<p>Al respecto, la intendente expres\u00f3: &#8220;Como lo hab\u00edamos anunciado en la apertura de sesiones ordinarias del Concejo Municipal, en esta nueva etapa de gobierno, nos vamos a centrar en la gesti\u00f3n de recursos ante los organismos que correspondan para saldar la deuda hist\u00f3rica que est\u00e9 municipio tiene para con los verenses, que es tener una terminal de \u00f3mnibus digna, con todas las comodidades, tanto para los nuestros, como para los que nos visiten de manera ef\u00edmera. En ese camino estamos y celebramos la predisposici\u00f3n de los funcionarios al recibirnos&#8221;.<\/p>\n","protected":false},"excerpt":{"rendered":"<p>La intendente Paula Mitre, acompa\u00f1ada por la presidente del Concejo, Nancy Senn, fueron recibidas por el secretario de Transporte de la Naci\u00f3n, Diego Giuliano, el jefe de Gabinete de la Secretario de Gesti\u00f3n del Transporte Tom\u00e1s Vernet y el director de Gesti\u00f3n T\u00e9cnica, Francisco Sellar\u00e9s, para consultar acerca del avance del proyecto para la finalizaci\u00f3n [&hellip;]<\/p>\n","protected":false},"author":3,"featured_media":35041,"comment_status":"closed","ping_status":"closed","sticky":false,"template":"","format":"standard","meta":{"_joinchat":[],"footnotes":""},"categories":[53],"tags":[],"class_list":{"0":"post-35040","1":"post","2":"type-post","3":"status-publish","4":"format-standard","5":"has-post-thumbnail","7":"category-vera"},"_links":{"self":[{"href":"https:\/\/infovera.com.ar\/web\/wp-json\/wp\/v2\/posts\/35040","targetHints":{"allow":["GET"]}}],"collection":[{"href":"https:\/\/infovera.com.ar\/web\/wp-json\/wp\/v2\/posts"}],"about":[{"href":"https:\/\/infovera.com.ar\/web\/wp-json\/wp\/v2\/types\/post"}],"author":[{"embeddable":true,"href":"https:\/\/infovera.com.ar\/web\/wp-json\/wp\/v2\/users\/3"}],"replies":[{"embeddable":true,"href":"https:\/\/infovera.com.ar\/web\/wp-json\/wp\/v2\/comments?post=35040"}],"version-history":[{"count":0,"href":"https:\/\/infovera.com.ar\/web\/wp-json\/wp\/v2\/posts\/35040\/revisions"}],"wp:featuredmedia":[{"embeddable":true,"href":"https:\/\/infovera.com.ar\/web\/wp-json\/wp\/v2\/media\/35041"}],"wp:attachment":[{"href":"https:\/\/infovera.com.ar\/web\/wp-json\/wp\/v2\/media?parent=35040"}],"wp:term":[{"taxonomy":"category","embeddable":true,"href":"https:\/\/infovera.com.ar\/web\/wp-json\/wp\/v2\/categories?post=35040"},{"taxonomy":"post_tag","embeddable":true,"href":"https:\/\/infovera.com.ar\/web\/wp-json\/wp\/v2\/tags?post=35040"}],"curies":[{"name":"wp","href":"https:\/\/api.w.org\/{rel}","templated":true}]}}