{"id":35034,"date":"2022-05-12T12:08:22","date_gmt":"2022-05-12T15:08:22","guid":{"rendered":"https:\/\/infovera.com.ar\/web\/?p=35034"},"modified":"2022-05-12T13:14:07","modified_gmt":"2022-05-12T16:14:07","slug":"vera-detuvieron-a-un-hombre-por-el-abuso-sexual-de-un-chico-de-8-anos","status":"publish","type":"post","link":"https:\/\/infovera.com.ar\/web\/2022\/05\/12\/vera-detuvieron-a-un-hombre-por-el-abuso-sexual-de-un-chico-de-8-anos\/","title":{"rendered":"Vera: detuvieron a un hombre por el abuso sexual de un chico de 8 a\u00f1os"},"content":{"rendered":"<p><strong>J. L. R. fue aprehendido el martes por orden del fiscal Nicol\u00e1s Maglier acusado por el abuso sexual de un nene de 8 a\u00f1os.<\/strong><\/p>\n<p>De acuerdo a lo manifestado por el fiscal a cargo del caso a <strong>InfoVera<\/strong>, este hombre fue detenido el martes y ser\u00e1 imputado ma\u00f1ana en una audiencia que se sustanciar\u00e1 en la Oficina de Gesti\u00f3n Judicial de Vera.<\/p>\n<p>Una familiar del menor se puso en contacto con este medio para exponer que &#8220;lamentablemente, hace unos d\u00edas atr\u00e1s, espec\u00edficamente el d\u00eda 9 de mayo, mi sobrinito de 8 a\u00f1os <strong>sufri\u00f3 un caso de abuso sexual<\/strong> con acceso carnal por parte de su vecino&#8221;, llamado J. L. R., con domicilio por calle Juan de Garay.<\/p>\n<p>La mujer cont\u00f3 que las actuaciones fueron realizadas ante la Unidad Regional XIX y dijo que las atenciones m\u00e9dicas primarias fueron practicadas en el Hospital Regional Vera, donde &#8220;un m\u00e9dico policial constat\u00f3 las lesiones&#8221;. El hecho que despert\u00f3 las sospechas de la madre sobre el abuso fue que el menor <strong>lleg\u00f3 corriendo a su casa y pidi\u00f3 ba\u00f1arse fuera del horario habitual.<\/strong><\/p>\n<p>&#8220;Este masculino ya fue aprehendido por parte de la polic\u00eda, incluso en el momento de la aprehensi\u00f3n se realizaron secuestro de varias armas de fuego en su domicilio&#8221;, se\u00f1al\u00f3.<\/p>\n<p>Pero adem\u00e1s, revel\u00f3 que &#8220;como si no fuera poco lo que estamos pasando, familiares de este hombre <strong>se acercaron a la casa de mi hermana y la amenazaron para que levante la denuncia, <\/strong>eso ya fue denunciado tambi\u00e9n&#8221;.<\/p>\n<p>&#8220;Quiero que este caso <strong>tome estado p\u00fablico<\/strong> para que as\u00ed tambi\u00e9n puedan ayudarnos y quiz\u00e1s haya m\u00e1s v\u00edctimas por parte de este masculino&#8221;, alert\u00f3, y convoc\u00f3 a los medios y a a la comunidad a &#8220;acompa\u00f1arnos ma\u00f1ana a las 11:45 en la audiencia imputativa para que haya justicia.<\/p>\n","protected":false},"excerpt":{"rendered":"<p>J. L. R. fue aprehendido el martes por orden del fiscal Nicol\u00e1s Maglier acusado por el abuso sexual de un nene de 8 a\u00f1os. De acuerdo a lo manifestado por el fiscal a cargo del caso a InfoVera, este hombre fue detenido el martes y ser\u00e1 imputado ma\u00f1ana en una audiencia que se sustanciar\u00e1 en [&hellip;]<\/p>\n","protected":false},"author":3,"featured_media":0,"comment_status":"closed","ping_status":"closed","sticky":false,"template":"","format":"standard","meta":{"_joinchat":[],"footnotes":""},"categories":[56,30],"tags":[],"class_list":{"0":"post-35034","1":"post","2":"type-post","3":"status-publish","4":"format-standard","6":"category-destacados","7":"category-policiales"},"_links":{"self":[{"href":"https:\/\/infovera.com.ar\/web\/wp-json\/wp\/v2\/posts\/35034","targetHints":{"allow":["GET"]}}],"collection":[{"href":"https:\/\/infovera.com.ar\/web\/wp-json\/wp\/v2\/posts"}],"about":[{"href":"https:\/\/infovera.com.ar\/web\/wp-json\/wp\/v2\/types\/post"}],"author":[{"embeddable":true,"href":"https:\/\/infovera.com.ar\/web\/wp-json\/wp\/v2\/users\/3"}],"replies":[{"embeddable":true,"href":"https:\/\/infovera.com.ar\/web\/wp-json\/wp\/v2\/comments?post=35034"}],"version-history":[{"count":0,"href":"https:\/\/infovera.com.ar\/web\/wp-json\/wp\/v2\/posts\/35034\/revisions"}],"wp:attachment":[{"href":"https:\/\/infovera.com.ar\/web\/wp-json\/wp\/v2\/media?parent=35034"}],"wp:term":[{"taxonomy":"category","embeddable":true,"href":"https:\/\/infovera.com.ar\/web\/wp-json\/wp\/v2\/categories?post=35034"},{"taxonomy":"post_tag","embeddable":true,"href":"https:\/\/infovera.com.ar\/web\/wp-json\/wp\/v2\/tags?post=35034"}],"curies":[{"name":"wp","href":"https:\/\/api.w.org\/{rel}","templated":true}]}}