{"id":35025,"date":"2022-05-12T11:34:55","date_gmt":"2022-05-12T14:34:55","guid":{"rendered":"https:\/\/infovera.com.ar\/web\/?p=35025"},"modified":"2022-05-14T12:35:11","modified_gmt":"2022-05-14T15:35:11","slug":"abren-la-inscripcion-para-el-ingreso-al-servicio-penitenciario-de-la-provincia","status":"publish","type":"post","link":"https:\/\/infovera.com.ar\/web\/2022\/05\/12\/abren-la-inscripcion-para-el-ingreso-al-servicio-penitenciario-de-la-provincia\/","title":{"rendered":"Abren la inscripci\u00f3n para el ingreso al Servicio Penitenciario de la provincia"},"content":{"rendered":"<p><strong>El Ministerio de Seguridad dispuso la apertura de inscripci\u00f3n de ciudadanos masculinos y femeninos radicados en la provincia de Santa Fe para el ingreso al Servicio Penitenciario Provincial<\/strong> en el grado de subayudante, personal subalterno, escalaf\u00f3n Cuerpo General, lo cual se concretar\u00e1 previo ex\u00e1menes y selecci\u00f3n correspondiente a trav\u00e9s de la Escuela Penitenciaria de la provincia.<\/p>\n<p>El per\u00edodo de inscripci\u00f3n ser\u00e1 del 24 de de 2022 al 7 de junio de 2022 en los establecimientos penitenciarios destinados a tal fin.<\/p>\n<p><strong>Mir\u00e1 la resoluci\u00f3n con las condiciones de ingreso:<\/strong><\/p>\n<p><strong><a href=\"https:\/\/infovera.com.ar\/web\/wp-content\/uploads\/2022\/05\/Resolucion-1.pdf\">Resolucion<\/a><\/strong><\/p>\n","protected":false},"excerpt":{"rendered":"<p>El Ministerio de Seguridad dispuso la apertura de inscripci\u00f3n de ciudadanos masculinos y femeninos radicados en la provincia de Santa Fe para el ingreso al Servicio Penitenciario Provincial en el grado de subayudante, personal subalterno, escalaf\u00f3n Cuerpo General, lo cual se concretar\u00e1 previo ex\u00e1menes y selecci\u00f3n correspondiente a trav\u00e9s de la Escuela Penitenciaria de la [&hellip;]<\/p>\n","protected":false},"author":3,"featured_media":35028,"comment_status":"closed","ping_status":"closed","sticky":false,"template":"","format":"standard","meta":{"_joinchat":[],"footnotes":""},"categories":[60],"tags":[],"class_list":{"0":"post-35025","1":"post","2":"type-post","3":"status-publish","4":"format-standard","5":"has-post-thumbnail","7":"category-provinciales"},"_links":{"self":[{"href":"https:\/\/infovera.com.ar\/web\/wp-json\/wp\/v2\/posts\/35025","targetHints":{"allow":["GET"]}}],"collection":[{"href":"https:\/\/infovera.com.ar\/web\/wp-json\/wp\/v2\/posts"}],"about":[{"href":"https:\/\/infovera.com.ar\/web\/wp-json\/wp\/v2\/types\/post"}],"author":[{"embeddable":true,"href":"https:\/\/infovera.com.ar\/web\/wp-json\/wp\/v2\/users\/3"}],"replies":[{"embeddable":true,"href":"https:\/\/infovera.com.ar\/web\/wp-json\/wp\/v2\/comments?post=35025"}],"version-history":[{"count":0,"href":"https:\/\/infovera.com.ar\/web\/wp-json\/wp\/v2\/posts\/35025\/revisions"}],"wp:featuredmedia":[{"embeddable":true,"href":"https:\/\/infovera.com.ar\/web\/wp-json\/wp\/v2\/media\/35028"}],"wp:attachment":[{"href":"https:\/\/infovera.com.ar\/web\/wp-json\/wp\/v2\/media?parent=35025"}],"wp:term":[{"taxonomy":"category","embeddable":true,"href":"https:\/\/infovera.com.ar\/web\/wp-json\/wp\/v2\/categories?post=35025"},{"taxonomy":"post_tag","embeddable":true,"href":"https:\/\/infovera.com.ar\/web\/wp-json\/wp\/v2\/tags?post=35025"}],"curies":[{"name":"wp","href":"https:\/\/api.w.org\/{rel}","templated":true}]}}