{"id":34998,"date":"2022-05-11T17:33:23","date_gmt":"2022-05-11T20:33:23","guid":{"rendered":"https:\/\/infovera.com.ar\/web\/?p=34998"},"modified":"2022-05-14T12:36:09","modified_gmt":"2022-05-14T15:36:09","slug":"massa-presidio-el-acto-de-firma-final-de-convenios-millonarios-para-obras-de-cloacas-en-calchaqui-y-vera","status":"publish","type":"post","link":"https:\/\/infovera.com.ar\/web\/2022\/05\/11\/massa-presidio-el-acto-de-firma-final-de-convenios-millonarios-para-obras-de-cloacas-en-calchaqui-y-vera\/","title":{"rendered":"Massa presidi\u00f3 el acto de firma final de convenios millonarios para obras de cloacas en Calchaqu\u00ed y Vera"},"content":{"rendered":"<p><strong>El presidente de la C\u00e1mara de Diputados de la Naci\u00f3n, Sergio Massa, encabez\u00f3 en el mediod\u00eda de este mi\u00e9rcoles en la sede del Enhosa el acto de firma de convenios\u00a0 para la ejecuci\u00f3n de obras de saneamiento ambiental en las dos ciudades.<\/strong><\/p>\n<p>Participaron, adem\u00e1s del administrador del Ente Nacional De Obras H\u00eddricas De Saneamiento (Enhosa), Dr. Enrique Tom\u00e1s Cresto y del gerente general Ing. Alejandro Hos, los intendentes de Calchaqu\u00ed, Rub\u00e9n Cuello, de Vera, Paula Mitre; el presidente comunal de Intiyaco, Fernando Roda; y la presidente del Concejo Municipal de Vera, Nancy Senn.<\/p>\n<p>Vera fue beneficiada con un monto de 118 millones de pesos para la construcci\u00f3n de redes cloacales en los barrios San Mart\u00edn y El Tri\u00e1ngulo, en tanto que Calchaqu\u00ed viene recibiendo fondos para dotar de cloacas al 90 por ciento de su planta urbana.<\/p>\n<p>Las gestiones fueron realizadas por el intendente Cuello, que adelant\u00f3 que adem\u00e1s de Calchaqu\u00ed y Vera recibir\u00e1n fondos para cloacas y agua potable para otros pueblos del departamento Vera: Los Amores, Ca\u00f1ada Omb\u00fa, Garabato, Fort\u00edn Olmos y La Gallareta.<\/p>\n<p>El pasado 22 de abril se hab\u00eda rubricado el acta de acuerdo para avanzar en las obras y ahora se rubric\u00f3 el convenio formal.<\/p>\n<p>Hoy se dio forma protocolar al convenio marco con el Enhosa para poder concretar la obra para la cual ya re realiz\u00f3 el primer desembolso.<\/p>\n<p>En aquella primera oportunidad, Mitre hab\u00eda destacado: &#8220;Vera suma una obra m\u00e1s de infraestructura y paso a paso vamos cumpliendo soluciones de fondo que otorgar\u00e1n a nuestra comunidad otra perspectiva de desarrollo.<\/p>\n<p>Los verenses estamos constituyendo un nuevo paradigma que viene a encauzarnos en el camino al progreso. Agradezco nombre de mi comunidad al Gobierno Nacional por aprobar nuestro proyecto y destinar estos importantes recursos a mi ciudad, al intendente de Calchaqu\u00ed por su generosidad en el acompa\u00f1amiento a nuestra gesti\u00f3n fortaleciendo a\u00fan m\u00e1s la hermandad entre Vera y Calchaqu\u00ed, al equipo t\u00e9cnico municipal por el trabajo en la elaboraci\u00f3n del proyecto y a ustedes, mis vecinos verenses, por acompa\u00f1ar nuestros sue\u00f1os que son de todos y confiar en nuestro gobierno. Realmente me siento muy feliz por este nuevo logro para todos&#8221;.<\/p>\n<p><iframe loading=\"lazy\" title=\"Massa presidi\u00f3 el acto de firma de convenios para obras de cloacas en Calchaqu\u00ed y Vera\" width=\"696\" height=\"392\" src=\"https:\/\/www.youtube.com\/embed\/tNMk9x3NzCA?feature=oembed\" frameborder=\"0\" allow=\"accelerometer; autoplay; clipboard-write; encrypted-media; gyroscope; picture-in-picture; web-share\" referrerpolicy=\"strict-origin-when-cross-origin\" allowfullscreen><\/iframe><\/p>\n<div class=\"cxmmr5t8 oygrvhab hcukyx3x c1et5uql o9v6fnle ii04i59q\"><\/div>\n<div class=\"cxmmr5t8 oygrvhab hcukyx3x c1et5uql o9v6fnle ii04i59q\"><\/div>\n","protected":false},"excerpt":{"rendered":"<p>El presidente de la C\u00e1mara de Diputados de la Naci\u00f3n, Sergio Massa, encabez\u00f3 en el mediod\u00eda de este mi\u00e9rcoles en la sede del Enhosa el acto de firma de convenios\u00a0 para la ejecuci\u00f3n de obras de saneamiento ambiental en las dos ciudades. Participaron, adem\u00e1s del administrador del Ente Nacional De Obras H\u00eddricas De Saneamiento (Enhosa), [&hellip;]<\/p>\n","protected":false},"author":3,"featured_media":35000,"comment_status":"closed","ping_status":"closed","sticky":false,"template":"","format":"standard","meta":{"_joinchat":[],"footnotes":""},"categories":[52,53],"tags":[],"class_list":{"0":"post-34998","1":"post","2":"type-post","3":"status-publish","4":"format-standard","5":"has-post-thumbnail","7":"category-calchaqui","8":"category-vera"},"_links":{"self":[{"href":"https:\/\/infovera.com.ar\/web\/wp-json\/wp\/v2\/posts\/34998","targetHints":{"allow":["GET"]}}],"collection":[{"href":"https:\/\/infovera.com.ar\/web\/wp-json\/wp\/v2\/posts"}],"about":[{"href":"https:\/\/infovera.com.ar\/web\/wp-json\/wp\/v2\/types\/post"}],"author":[{"embeddable":true,"href":"https:\/\/infovera.com.ar\/web\/wp-json\/wp\/v2\/users\/3"}],"replies":[{"embeddable":true,"href":"https:\/\/infovera.com.ar\/web\/wp-json\/wp\/v2\/comments?post=34998"}],"version-history":[{"count":0,"href":"https:\/\/infovera.com.ar\/web\/wp-json\/wp\/v2\/posts\/34998\/revisions"}],"wp:featuredmedia":[{"embeddable":true,"href":"https:\/\/infovera.com.ar\/web\/wp-json\/wp\/v2\/media\/35000"}],"wp:attachment":[{"href":"https:\/\/infovera.com.ar\/web\/wp-json\/wp\/v2\/media?parent=34998"}],"wp:term":[{"taxonomy":"category","embeddable":true,"href":"https:\/\/infovera.com.ar\/web\/wp-json\/wp\/v2\/categories?post=34998"},{"taxonomy":"post_tag","embeddable":true,"href":"https:\/\/infovera.com.ar\/web\/wp-json\/wp\/v2\/tags?post=34998"}],"curies":[{"name":"wp","href":"https:\/\/api.w.org\/{rel}","templated":true}]}}