{"id":34936,"date":"2022-05-10T15:19:12","date_gmt":"2022-05-10T18:19:12","guid":{"rendered":"https:\/\/infovera.com.ar\/web\/?p=34936"},"modified":"2022-05-11T11:40:05","modified_gmt":"2022-05-11T14:40:05","slug":"el-fiscal-regional-imputo-por-doble-homicidio-culposo-a-munoz-y-confirmo-al-fiscal-maglier-en-la-causa","status":"publish","type":"post","link":"https:\/\/infovera.com.ar\/web\/2022\/05\/10\/el-fiscal-regional-imputo-por-doble-homicidio-culposo-a-munoz-y-confirmo-al-fiscal-maglier-en-la-causa\/","title":{"rendered":"El fiscal regional orden\u00f3 imputar por doble homicidio culposo a Mu\u00f1oz y confirm\u00f3 al fiscal Maglier en la causa del fatal accidente en Toba"},"content":{"rendered":"<p><strong>El fiscal regional Rub\u00e9n Mart\u00ednez orden\u00f3 imputar al joven Jaiel Thomas Mu\u00f1oz por las muertes de Emiliano Merlo y Alejandro Palavecino ocurridas en la noche del 21 de enero pasado en jurisdicci\u00f3n de Toba. Tambi\u00e9n entendi\u00f3 que debe ser encausado por la figura de lesiones graves culposas.\u00a0<\/strong><\/p>\n<p>El titular regional del MPA dict\u00f3 una resoluci\u00f3n, a la que tuvo acceso <strong>InfoVera<\/strong>, en que confirm\u00f3 al fiscal adjunto Dr. Nicol\u00e1s Maglier en la asignaci\u00f3n de la causa caratulada Mu\u00f1oz Jaiel sobre homicidio culposo y otros, <strong>pero le encomend\u00f3 &#8220;priorizar la investigaci\u00f3n del presente hecho&#8221;<\/strong> y recabar toda la informaci\u00f3n que considere oportuna.<\/p>\n<p>Adem\u00e1s, orden\u00f3 imputar los delitos de <strong>doble homicidio culposo y lesiones graves culposas a Jaiel Mu\u00f1oz<\/strong> como conductor de la pick up marca Toyota, modelo Hilux, de color gris, que manejaba al momento del fatal accidente ocurrido en jurisdicci\u00f3n de Toba el 21 de enero pasado.<\/p>\n<p>Ese veh\u00edculo, al que iba al volante, impact\u00f3 contra la humanidad de <strong>Alejandro Palavecino, de 45 a\u00f1os, que circulaba en moto y falleci\u00f3 al instante<\/strong>; el choque provoc\u00f3 lesiones en <strong>Emiliano Merlo, de 18 a\u00f1os, que viajaba en la camioneta, cuyo deceso sobrevino tras ingresar de urgencia al Hospital de Reconquista.<\/strong><\/p>\n<p><strong>&#8220;Nexo existente&#8221;<\/strong><\/p>\n<p>En tanto, orden\u00f3 a la Secretaria de Gesti\u00f3n Administrativa y Procesal que extraiga copia en el legajo fiscal en estudio y genere otra causa asignada al mismo fiscal para <strong>investigar &#8220;el uso indebido de la referida camioneta propiedad de la Comuna de Garabato&#8221;<\/strong> y oportunamente realice las imputaciones que correspondan.<\/p>\n<p>En otro apartado, solicit\u00f3 al Registro Nacional de la Propiedad del Automotor informaci\u00f3n respecto de si a la fecha del accidente Jaiel Thomas Mu\u00f1oz, nieto de la presidenta comunal Belkis Villalba, ten\u00eda <strong>\u201cautorizaci\u00f3n legal tarjeta azul para conducir el veh\u00edculo siniestrado, propiedad de la Comuna de Garabato\u201d.<\/strong><\/p>\n<p>Paralelamente, el Dr. Mart\u00ednez pidi\u00f3 informaci\u00f3n sobre las &#8220;pr\u00e1cticas y costumbres de utilizar todo bien comunal, por parte de terceras personas&#8221;, como as\u00ed mismo si existen designados ch\u00f3feres en dicha repartici\u00f3n comunal.<\/p>\n<p>Y, por \u00faltimo, orden\u00f3 recabar datos sobre <strong>&#8220;nexo existente&#8221;<\/strong> entre la presidente de Comuna de Garabato a la fecha del accidente y sus funcionarios con el Jaiel Mu\u00f1oz.<\/p>\n<p><strong>&#8220;Disconformidad&#8221;<\/strong><\/p>\n<p>La intervenci\u00f3n del fiscal regional Rub\u00e9n Mart\u00ednez se produjo a ra\u00edz de un escrito presentado con el patrocinio letrado de los abogados Ricardo Degoumois y Daniel Varalle por Gustavo Ariel Merlo y Griselda Mercedes Rojas &#8211; padres de Emiliano Merlo -, ante la Unidad Fiscal Reconquista en el que <strong>manifestaron su disconformidad con el accionar del fiscal, aduciendo que &#8220;la causa se encuentra paralizada<\/strong>&#8220;, seg\u00fan cit\u00f3 el funcionario.<\/p>\n<p>Ante ello, sostuvo que &#8220;atento el estadio procesal, l<strong>a actuaci\u00f3n policial y del fiscal se encuentran dentro de las posibilidades previstas<\/strong> por el contexto funcional de nuestra actividad, sin perjuicio de ampliar y profundizar la diligencia probatoria&#8221;, y explic\u00f3 que como fiscal regional &#8220;puedo impartir instrucciones particulares a los fiscales y fiscales adjuntos para una <strong>persecuci\u00f3n penal m\u00e1s eficaz<\/strong>, (&#8230;) toda vez que no se han agotado la totalidad de las tareas investigativas&#8221;.<\/p>\n<p><a href=\"https:\/\/infovera.com.ar\/web\/wp-content\/uploads\/2022\/05\/just.jpg\"><img loading=\"lazy\" decoding=\"async\" class=\"alignleft size-large wp-image-34952\" src=\"https:\/\/infovera.com.ar\/web\/wp-content\/uploads\/2022\/05\/just-1024x576.jpg\" alt=\"\" width=\"696\" height=\"392\" srcset=\"https:\/\/infovera.com.ar\/web\/wp-content\/uploads\/2022\/05\/just-1024x576.jpg 1024w, https:\/\/infovera.com.ar\/web\/wp-content\/uploads\/2022\/05\/just-300x169.jpg 300w, https:\/\/infovera.com.ar\/web\/wp-content\/uploads\/2022\/05\/just-768x432.jpg 768w, https:\/\/infovera.com.ar\/web\/wp-content\/uploads\/2022\/05\/just-1536x864.jpg 1536w, https:\/\/infovera.com.ar\/web\/wp-content\/uploads\/2022\/05\/just-696x392.jpg 696w, https:\/\/infovera.com.ar\/web\/wp-content\/uploads\/2022\/05\/just-1068x601.jpg 1068w, https:\/\/infovera.com.ar\/web\/wp-content\/uploads\/2022\/05\/just-747x420.jpg 747w, https:\/\/infovera.com.ar\/web\/wp-content\/uploads\/2022\/05\/just.jpg 2048w\" sizes=\"auto, (max-width: 696px) 100vw, 696px\" \/><\/a><\/p>\n","protected":false},"excerpt":{"rendered":"<p>El fiscal regional Rub\u00e9n Mart\u00ednez orden\u00f3 imputar al joven Jaiel Thomas Mu\u00f1oz por las muertes de Emiliano Merlo y Alejandro Palavecino ocurridas en la noche del 21 de enero pasado en jurisdicci\u00f3n de Toba. Tambi\u00e9n entendi\u00f3 que debe ser encausado por la figura de lesiones graves culposas.\u00a0 El titular regional del MPA dict\u00f3 una resoluci\u00f3n, [&hellip;]<\/p>\n","protected":false},"author":3,"featured_media":34948,"comment_status":"closed","ping_status":"closed","sticky":false,"template":"","format":"standard","meta":{"_joinchat":[],"footnotes":""},"categories":[51,30],"tags":[],"class_list":{"0":"post-34936","1":"post","2":"type-post","3":"status-publish","4":"format-standard","5":"has-post-thumbnail","7":"category-locales","8":"category-policiales"},"_links":{"self":[{"href":"https:\/\/infovera.com.ar\/web\/wp-json\/wp\/v2\/posts\/34936","targetHints":{"allow":["GET"]}}],"collection":[{"href":"https:\/\/infovera.com.ar\/web\/wp-json\/wp\/v2\/posts"}],"about":[{"href":"https:\/\/infovera.com.ar\/web\/wp-json\/wp\/v2\/types\/post"}],"author":[{"embeddable":true,"href":"https:\/\/infovera.com.ar\/web\/wp-json\/wp\/v2\/users\/3"}],"replies":[{"embeddable":true,"href":"https:\/\/infovera.com.ar\/web\/wp-json\/wp\/v2\/comments?post=34936"}],"version-history":[{"count":0,"href":"https:\/\/infovera.com.ar\/web\/wp-json\/wp\/v2\/posts\/34936\/revisions"}],"wp:featuredmedia":[{"embeddable":true,"href":"https:\/\/infovera.com.ar\/web\/wp-json\/wp\/v2\/media\/34948"}],"wp:attachment":[{"href":"https:\/\/infovera.com.ar\/web\/wp-json\/wp\/v2\/media?parent=34936"}],"wp:term":[{"taxonomy":"category","embeddable":true,"href":"https:\/\/infovera.com.ar\/web\/wp-json\/wp\/v2\/categories?post=34936"},{"taxonomy":"post_tag","embeddable":true,"href":"https:\/\/infovera.com.ar\/web\/wp-json\/wp\/v2\/tags?post=34936"}],"curies":[{"name":"wp","href":"https:\/\/api.w.org\/{rel}","templated":true}]}}