{"id":34862,"date":"2022-05-08T19:10:53","date_gmt":"2022-05-08T22:10:53","guid":{"rendered":"https:\/\/infovera.com.ar\/web\/?p=34862"},"modified":"2022-05-09T11:30:08","modified_gmt":"2022-05-09T14:30:08","slug":"el-comando-intercepto-a-un-joven-en-moto-a-gran-velocidad","status":"publish","type":"post","link":"https:\/\/infovera.com.ar\/web\/2022\/05\/08\/el-comando-intercepto-a-un-joven-en-moto-a-gran-velocidad\/","title":{"rendered":"El Comando intercept\u00f3 a un joven en moto a gran velocidad"},"content":{"rendered":"<p><strong>Numerarios del Comando Radioel\u00e9ctrico, en circunstancias de patrullar en inmediaciones de calle Rivadavia, detectaron en la noche del s\u00e1bado a un joven de 19 a\u00f1os a bordo de una moto que realizaba maniobras de peligrosidad a gran velocidad.<\/strong><\/p>\n<p>Lo interceptaron e identificaron como domiciliado en paraje Las Gamas, zona rural.<\/p>\n<p>Al momento de solicitarle la documentaci\u00f3n del birrodado, los papeles presentaban\u00a0 anomal\u00edas.<\/p>\n<p>Fue trasladado a sede policial a los fines de la verificaci\u00f3n e identificaci\u00f3n del veh\u00edculo,\u00a0 siendo motocicleta marca Motomel CG 150 cc de color rojo, asiento color negro, en mal estado de conservaci\u00f3n, sin luces delanteras ni traseras, sin dominio visible, ca\u00f1o escape deportivo.<\/p>\n<p>Fue notificado por infracci\u00f3n al art\u00edculo 105 del C\u00f3digo de Convivencia.<\/p>\n","protected":false},"excerpt":{"rendered":"<p>Numerarios del Comando Radioel\u00e9ctrico, en circunstancias de patrullar en inmediaciones de calle Rivadavia, detectaron en la noche del s\u00e1bado a un joven de 19 a\u00f1os a bordo de una moto que realizaba maniobras de peligrosidad a gran velocidad. Lo interceptaron e identificaron como domiciliado en paraje Las Gamas, zona rural. Al momento de solicitarle la [&hellip;]<\/p>\n","protected":false},"author":3,"featured_media":34863,"comment_status":"closed","ping_status":"closed","sticky":false,"template":"","format":"standard","meta":{"_joinchat":[],"footnotes":""},"categories":[30,53],"tags":[],"class_list":{"0":"post-34862","1":"post","2":"type-post","3":"status-publish","4":"format-standard","5":"has-post-thumbnail","7":"category-policiales","8":"category-vera"},"_links":{"self":[{"href":"https:\/\/infovera.com.ar\/web\/wp-json\/wp\/v2\/posts\/34862","targetHints":{"allow":["GET"]}}],"collection":[{"href":"https:\/\/infovera.com.ar\/web\/wp-json\/wp\/v2\/posts"}],"about":[{"href":"https:\/\/infovera.com.ar\/web\/wp-json\/wp\/v2\/types\/post"}],"author":[{"embeddable":true,"href":"https:\/\/infovera.com.ar\/web\/wp-json\/wp\/v2\/users\/3"}],"replies":[{"embeddable":true,"href":"https:\/\/infovera.com.ar\/web\/wp-json\/wp\/v2\/comments?post=34862"}],"version-history":[{"count":0,"href":"https:\/\/infovera.com.ar\/web\/wp-json\/wp\/v2\/posts\/34862\/revisions"}],"wp:featuredmedia":[{"embeddable":true,"href":"https:\/\/infovera.com.ar\/web\/wp-json\/wp\/v2\/media\/34863"}],"wp:attachment":[{"href":"https:\/\/infovera.com.ar\/web\/wp-json\/wp\/v2\/media?parent=34862"}],"wp:term":[{"taxonomy":"category","embeddable":true,"href":"https:\/\/infovera.com.ar\/web\/wp-json\/wp\/v2\/categories?post=34862"},{"taxonomy":"post_tag","embeddable":true,"href":"https:\/\/infovera.com.ar\/web\/wp-json\/wp\/v2\/tags?post=34862"}],"curies":[{"name":"wp","href":"https:\/\/api.w.org\/{rel}","templated":true}]}}