{"id":34820,"date":"2022-05-07T09:27:43","date_gmt":"2022-05-07T12:27:43","guid":{"rendered":"https:\/\/infovera.com.ar\/web\/?p=34820"},"modified":"2022-05-08T20:53:57","modified_gmt":"2022-05-08T23:53:57","slug":"la-dra-carola-newman-asumio-la-nueva-conduccion-del-hospital-de-vera","status":"publish","type":"post","link":"https:\/\/infovera.com.ar\/web\/2022\/05\/07\/la-dra-carola-newman-asumio-la-nueva-conduccion-del-hospital-de-vera\/","title":{"rendered":"La Dra. Carola Neuman asumi\u00f3 la nueva conducci\u00f3n del Hospital de Vera"},"content":{"rendered":"<p><strong>En un acto cargado de emotividad asumi\u00f3 la nueva conducci\u00f3n del Hospital que, si bien se ven\u00eda ejerciendo de hecho, el acto formal con la debida notificaci\u00f3n se realiz\u00f3 este viernes de manera que ahora, legalmente, la nueva directora es la Dra. Carola Neuman y el vicedirector es el Dr. Claudio Sarramona.<\/strong><\/p>\n<p>El acto cont\u00f3 con la participaci\u00f3n de la responsable de la regi\u00f3n de salud en todo el departamento Vera, Dra. Beatr\u00edz Villa, el senador Osvaldo Sosa y la intendente municipal, Paula Mitre, integrantes del equipo de salud, miembros del Consejo Asesor e invitados especiales.<\/p>\n<p>En la apertura, la Dra. Villa hizo un resumen de lo actuado durante la pandemia y destac\u00f3 la incorporaci\u00f3n de nuevos profesionales y especialidades.<\/p>\n<p>Reconoci\u00f3 \u201cla decisi\u00f3n pol\u00edtica del gobierno de estar presente facilitando los medios para el desarrollo de una tarea eficaz, que tambi\u00e9n fue posible gracias al trabajo conjunto del senador, la municipalidad y ONG como La Higuera\u201d.<\/p>\n<p>No obstante, record\u00f3 que \u201ca\u00fan falta personal en el \u00e1rea de emergencia y traslado\u201d.<\/p>\n<p>Finalmente, renov\u00f3 el compromiso de \u201ctrabajar en red para ser el mejor hospital\u201d.<\/p>\n<p>Seguidamente el senador Osvaldo Sosa se refiri\u00f3 a la necesidad de planificar el sistema de salud que en Vera tiene caracter\u00edsticas muy particulares que exige acortar las postas y para evitar las derivaciones tenemos que contar con la infraestructura adecuada\u201d.<\/p>\n<p>Al mencionar la pandemia fue muy claro al expresar que \u201chemos podido superarla con m\u00e9todos \u00fanicos en toda la provincia, lo que se hizo en el departamento Vera fue \u00e9pico con el compromiso de todos\u201d.<\/p>\n<p>\u201cLa mirada del gobierno hacia el norte es consecuencia de un compromiso previo a las elecciones y todo est\u00e1 dado para que nosotros estemos en condiciones de solucionar nuestros problemas sin depender de Reconquista o Santa Fe\u201d, remarc\u00f3.<\/p>\n<p>Por \u00faltimo, reconoci\u00f3 \u201clos valores de los profesionales que tendr\u00e1n a su cargo la conducci\u00f3n que har\u00e1n de \u00e9ste el mejor hospital de la regi\u00f3n, porque cuando las buenas personas est\u00e1n al frente las cosas salen mejor\u201d.<\/p>\n<p>Por su parte, el Dr. Sarramona mencion\u00f3 \u201cla \u00e9tica y responsabilidad demostrada por el equipo de salud para superar las dificultades de la pandemia\u201d y agradeci\u00f3 tambi\u00e9n a \u201clos aportes an\u00f3nimos que lo hicieron posible\u201d.<\/p>\n<p>Reflot\u00f3 viejos proyectos para elevar la calidad de las prestaciones aspirando a que \u201cdesde la UTI hasta la sala de espera la gente tenga garantizada su correcta atenci\u00f3n\u201d.<\/p>\n<p>La intendente Paula Mitre dijo que \u201ctenemos un componente fundamental que es el factor humano que hace a las buenas personas y Vera hoy est\u00e1 dando un paso muy importante,,no solo en el \u00e1mbito de la salud sino que lo es tambi\u00e9n para toda la comunidad\u201d.<\/p>\n<p>La Dra, Carola Neumann agradeci\u00f3 el acompa\u00f1amiento de todo el equipo de salud y los convoc\u00f3 a \u201cseguir trabajando con la misma calidez para que tengamos cada vez un mejor hospital\u201d.<\/p>\n<p>Adem\u00e1s, apost\u00f3 a la capacitaci\u00f3n del personal con la aspiraci\u00f3n de que \u201cen el futuro los tratamientos oncol\u00f3gicos puedan hacerse a nivel local sin que los pacientes tengan que viajar, en definitiva para que la atenci\u00f3n de la salud sea de la excelencia que nuestra comunidad merece\u201d.<\/p>\n<p>Letyana Press<\/p>\n","protected":false},"excerpt":{"rendered":"<p>En un acto cargado de emotividad asumi\u00f3 la nueva conducci\u00f3n del Hospital que, si bien se ven\u00eda ejerciendo de hecho, el acto formal con la debida notificaci\u00f3n se realiz\u00f3 este viernes de manera que ahora, legalmente, la nueva directora es la Dra. Carola Neuman y el vicedirector es el Dr. Claudio Sarramona. El acto cont\u00f3 [&hellip;]<\/p>\n","protected":false},"author":3,"featured_media":34821,"comment_status":"closed","ping_status":"closed","sticky":false,"template":"","format":"standard","meta":{"_joinchat":[],"footnotes":""},"categories":[53],"tags":[],"class_list":{"0":"post-34820","1":"post","2":"type-post","3":"status-publish","4":"format-standard","5":"has-post-thumbnail","7":"category-vera"},"_links":{"self":[{"href":"https:\/\/infovera.com.ar\/web\/wp-json\/wp\/v2\/posts\/34820","targetHints":{"allow":["GET"]}}],"collection":[{"href":"https:\/\/infovera.com.ar\/web\/wp-json\/wp\/v2\/posts"}],"about":[{"href":"https:\/\/infovera.com.ar\/web\/wp-json\/wp\/v2\/types\/post"}],"author":[{"embeddable":true,"href":"https:\/\/infovera.com.ar\/web\/wp-json\/wp\/v2\/users\/3"}],"replies":[{"embeddable":true,"href":"https:\/\/infovera.com.ar\/web\/wp-json\/wp\/v2\/comments?post=34820"}],"version-history":[{"count":0,"href":"https:\/\/infovera.com.ar\/web\/wp-json\/wp\/v2\/posts\/34820\/revisions"}],"wp:featuredmedia":[{"embeddable":true,"href":"https:\/\/infovera.com.ar\/web\/wp-json\/wp\/v2\/media\/34821"}],"wp:attachment":[{"href":"https:\/\/infovera.com.ar\/web\/wp-json\/wp\/v2\/media?parent=34820"}],"wp:term":[{"taxonomy":"category","embeddable":true,"href":"https:\/\/infovera.com.ar\/web\/wp-json\/wp\/v2\/categories?post=34820"},{"taxonomy":"post_tag","embeddable":true,"href":"https:\/\/infovera.com.ar\/web\/wp-json\/wp\/v2\/tags?post=34820"}],"curies":[{"name":"wp","href":"https:\/\/api.w.org\/{rel}","templated":true}]}}