{"id":34813,"date":"2022-05-07T09:16:57","date_gmt":"2022-05-07T12:16:57","guid":{"rendered":"https:\/\/infovera.com.ar\/web\/?p=34813"},"modified":"2022-05-08T20:54:31","modified_gmt":"2022-05-08T23:54:31","slug":"merecido-reconocimiento-a-la-dra-carola-newman","status":"publish","type":"post","link":"https:\/\/infovera.com.ar\/web\/2022\/05\/07\/merecido-reconocimiento-a-la-dra-carola-newman\/","title":{"rendered":"Merecido reconocimiento a la Dra. Carola Neuman"},"content":{"rendered":"<p><strong>En la \u00faltima etapa de la pandemia, la C\u00e1mara de Senadores de la provincia decidi\u00f3 reconocer el trabajo de los equipos de salud y convoc\u00f3 a unos 700 profesionales para que reciban tal distinci\u00f3n.<\/strong><\/p>\n<p>En esa oportunidad una de las destinatarias de ese est\u00edmulo era la Dra. Carola Neuman, que estuvo a cargo del operativo Covid en el hospital regional de Vera y, por ende, tuvo un rol protag\u00f3nico que supo contagiar al resto de los profesionales que se desempe\u00f1aron con un alto grado de responsabilidad profesional y calidad humana, virtudes que no pasaron desapercibidas para la comunidad.<\/p>\n<p>Precisamente, la Dra. Neumann acaba de ser designada directora del Hospital de Vera y fue el momento propicio para que el senador Osvaldo Sosa le entregue el certificado pendiente, dado que la doctora no hab\u00eda podido asistir para recibirlo precisamente por la responsabilidad que le cab\u00eda en ese momento.<\/p>\n<p>El legislador por Vera, adem\u00e1s presidente de la comisi\u00f3n de Salud del Senado y promotor de este homenaje, elev\u00f3 el nivel emotivo del acto al reconocer a la Dra. Carola Neuman como una excelente profesional, destac\u00e1ndola tambi\u00e9n por \u201csu calidad humana y su rol de madre\u201d.<\/p>\n<p>La nueva directora agradeci\u00f3 la distinci\u00f3n y confes\u00f3 haber contado con el aval de las autoridades del nosocomio para \u201cimplementar un nuevo m\u00e9todo para el tratamiento del Covid que posibilit\u00f3 disminuir las derivaciones y bajar el \u00edndice de fallecimientos\u201d.<\/p>\n<p>Algo que fue destacado por el senador Sosa cuando involucr\u00f3 a todos los actores que hicieron posible \u201cuna tarea \u00e9pica que nos permiti\u00f3 evitar consecuencias mucho\u00a0m\u00e1s graves, lo que se hizo Vera no se hizo en ning\u00fan hospital de la provincia\u201d, remarc\u00f3.<\/p>\n<p>La Dra. Carola Neumann, estar\u00e1 acompa\u00f1ada por el Dr. Claudio Sarramona como vicedirector, mientras la responsabilidad territorial en todo el departamento Vera sigue bajo la conducci\u00f3n de la Dra. Beatr\u00edz Villa.<\/p>\n<p>Un equipo joven con una probada idoneidad tendr\u00e1 a su cargo el compromiso de implementar un programa de salud a la luz del impulso que la decisi\u00f3n pol\u00edtica del gobernador le acaba de dar al hospital de Vera, llamado a convertirse en uno de los mejores de la regi\u00f3n, teniendo en cuenta las remodelaciones en marcha y la instalaci\u00f3n de la UTI.<\/p>\n<p>Letyana Press<\/p>\n","protected":false},"excerpt":{"rendered":"<p>En la \u00faltima etapa de la pandemia, la C\u00e1mara de Senadores de la provincia decidi\u00f3 reconocer el trabajo de los equipos de salud y convoc\u00f3 a unos 700 profesionales para que reciban tal distinci\u00f3n. En esa oportunidad una de las destinatarias de ese est\u00edmulo era la Dra. Carola Neuman, que estuvo a cargo del operativo [&hellip;]<\/p>\n","protected":false},"author":3,"featured_media":34814,"comment_status":"closed","ping_status":"closed","sticky":false,"template":"","format":"standard","meta":{"_joinchat":[],"footnotes":""},"categories":[53],"tags":[],"class_list":{"0":"post-34813","1":"post","2":"type-post","3":"status-publish","4":"format-standard","5":"has-post-thumbnail","7":"category-vera"},"_links":{"self":[{"href":"https:\/\/infovera.com.ar\/web\/wp-json\/wp\/v2\/posts\/34813","targetHints":{"allow":["GET"]}}],"collection":[{"href":"https:\/\/infovera.com.ar\/web\/wp-json\/wp\/v2\/posts"}],"about":[{"href":"https:\/\/infovera.com.ar\/web\/wp-json\/wp\/v2\/types\/post"}],"author":[{"embeddable":true,"href":"https:\/\/infovera.com.ar\/web\/wp-json\/wp\/v2\/users\/3"}],"replies":[{"embeddable":true,"href":"https:\/\/infovera.com.ar\/web\/wp-json\/wp\/v2\/comments?post=34813"}],"version-history":[{"count":0,"href":"https:\/\/infovera.com.ar\/web\/wp-json\/wp\/v2\/posts\/34813\/revisions"}],"wp:featuredmedia":[{"embeddable":true,"href":"https:\/\/infovera.com.ar\/web\/wp-json\/wp\/v2\/media\/34814"}],"wp:attachment":[{"href":"https:\/\/infovera.com.ar\/web\/wp-json\/wp\/v2\/media?parent=34813"}],"wp:term":[{"taxonomy":"category","embeddable":true,"href":"https:\/\/infovera.com.ar\/web\/wp-json\/wp\/v2\/categories?post=34813"},{"taxonomy":"post_tag","embeddable":true,"href":"https:\/\/infovera.com.ar\/web\/wp-json\/wp\/v2\/tags?post=34813"}],"curies":[{"name":"wp","href":"https:\/\/api.w.org\/{rel}","templated":true}]}}