{"id":34799,"date":"2022-05-06T17:54:00","date_gmt":"2022-05-06T20:54:00","guid":{"rendered":"https:\/\/infovera.com.ar\/web\/?p=34799"},"modified":"2022-05-08T20:56:13","modified_gmt":"2022-05-08T23:56:13","slug":"francisco-sellares-reconquista-sera-una-de-las-20-ciudades-que-trabajara-sobre-movilidad-urbana-sostenible","status":"publish","type":"post","link":"https:\/\/infovera.com.ar\/web\/2022\/05\/06\/francisco-sellares-reconquista-sera-una-de-las-20-ciudades-que-trabajara-sobre-movilidad-urbana-sostenible\/","title":{"rendered":"Francisco Sellar\u00e9s: &#8220;Reconquista ser\u00e1 una de las 20 ciudades que trabajar\u00e1 sobre movilidad urbana sostenible&#8221;"},"content":{"rendered":"<p><strong>Francisco Sellar\u00e9s, Director de Gesti\u00f3n T\u00e9cnica del Ministerio de Transporte de la Naci\u00f3n, anunci\u00f3 que \u201cReconquista ser\u00e1 una de las 20 ciudades del pa\u00eds en las que se iniciar\u00e1 un proceso de planificaci\u00f3n sostenible de la movilidad urbana\u201d.<\/strong><\/p>\n<p>Se trata del Proyecto de Apoyo para la Elaboraci\u00f3n de Planes de Movilidad Urbana Sostenible, que se desarrollar\u00e1 con el soporte del Programa Euroclima+, orientado a atender los impactos ambientales y clim\u00e1ticos causados por las modalidades actuales de los sistemas transporte.<\/p>\n<p>Sus objetivos principales consisten en asistir t\u00e9cnicamente a las autoridades locales para la formulaci\u00f3n de sus Planes Urbanos de Movilidad Sostenible, proporcionar fondos para el desarrollo de obras menores o acciones piloto y generar ciudades modelo en materia de movilidad urbana sostenible para su difusi\u00f3n nacional y regional.<\/p>\n<p>\u201cSeguimos acompa\u00f1ando al Intendente Enri Vallejos y a todos los gobiernos locales de la regi\u00f3n con pol\u00edticas nacionales de impacto positivo directo en cada territorio\u201d, destac\u00f3 Sellar\u00e9s, quien enumer\u00f3 \u201cla implementaci\u00f3n del sistema SUBE en las ciudades de Reconquista y Avellaneda, la ejecuci\u00f3n de la red de bicisendas a Puerto Reconquista y la adquisici\u00f3n de maquinaria a trav\u00e9s del programa Municipios de Pie del Ministerio del Interior\u201d.<\/p>\n","protected":false},"excerpt":{"rendered":"<p>Francisco Sellar\u00e9s, Director de Gesti\u00f3n T\u00e9cnica del Ministerio de Transporte de la Naci\u00f3n, anunci\u00f3 que \u201cReconquista ser\u00e1 una de las 20 ciudades del pa\u00eds en las que se iniciar\u00e1 un proceso de planificaci\u00f3n sostenible de la movilidad urbana\u201d. Se trata del Proyecto de Apoyo para la Elaboraci\u00f3n de Planes de Movilidad Urbana Sostenible, que se [&hellip;]<\/p>\n","protected":false},"author":3,"featured_media":34800,"comment_status":"closed","ping_status":"closed","sticky":false,"template":"","format":"standard","meta":{"_joinchat":[],"footnotes":""},"categories":[55],"tags":[],"class_list":{"0":"post-34799","1":"post","2":"type-post","3":"status-publish","4":"format-standard","5":"has-post-thumbnail","7":"category-reconquista"},"_links":{"self":[{"href":"https:\/\/infovera.com.ar\/web\/wp-json\/wp\/v2\/posts\/34799","targetHints":{"allow":["GET"]}}],"collection":[{"href":"https:\/\/infovera.com.ar\/web\/wp-json\/wp\/v2\/posts"}],"about":[{"href":"https:\/\/infovera.com.ar\/web\/wp-json\/wp\/v2\/types\/post"}],"author":[{"embeddable":true,"href":"https:\/\/infovera.com.ar\/web\/wp-json\/wp\/v2\/users\/3"}],"replies":[{"embeddable":true,"href":"https:\/\/infovera.com.ar\/web\/wp-json\/wp\/v2\/comments?post=34799"}],"version-history":[{"count":0,"href":"https:\/\/infovera.com.ar\/web\/wp-json\/wp\/v2\/posts\/34799\/revisions"}],"wp:featuredmedia":[{"embeddable":true,"href":"https:\/\/infovera.com.ar\/web\/wp-json\/wp\/v2\/media\/34800"}],"wp:attachment":[{"href":"https:\/\/infovera.com.ar\/web\/wp-json\/wp\/v2\/media?parent=34799"}],"wp:term":[{"taxonomy":"category","embeddable":true,"href":"https:\/\/infovera.com.ar\/web\/wp-json\/wp\/v2\/categories?post=34799"},{"taxonomy":"post_tag","embeddable":true,"href":"https:\/\/infovera.com.ar\/web\/wp-json\/wp\/v2\/tags?post=34799"}],"curies":[{"name":"wp","href":"https:\/\/api.w.org\/{rel}","templated":true}]}}