{"id":34786,"date":"2022-05-06T13:09:49","date_gmt":"2022-05-06T16:09:49","guid":{"rendered":"https:\/\/infovera.com.ar\/web\/?p=34786"},"modified":"2022-05-06T13:11:15","modified_gmt":"2022-05-06T16:11:15","slug":"vuelven-los-talleres-al-centro-ciudadano-de-vera","status":"publish","type":"post","link":"https:\/\/infovera.com.ar\/web\/2022\/05\/06\/vuelven-los-talleres-al-centro-ciudadano-de-vera\/","title":{"rendered":"Vuelven los talleres al Centro Ciudadano de Vera"},"content":{"rendered":"<p>Desde el Centro Ciudadano de la Ciudad de Vera, anunciaron este viernes la vuelta de los &#8220;Talleres Ciudadanos&#8221;, que en esta primera edici\u00f3n estar\u00e1n orientados a fortalecer a los emprendedores de nuestra ciudad, brindando herramientas e informaci\u00f3n actuales para que cada uno pueda proyectar su producto\/servicio a lo largo del tiempo.<\/p>\n<p>El primero de los tres encuentros para emprendedores ser\u00e1 el s\u00e1bado 14 de mayo en los horarios de 9 a 12 hs. En la sede del Centro Ciudadano Vera (25 de mayo 1749).<\/p>\n<p>Los interesados podr\u00e1n inscribirse en el siguiente formulario: <a href=\"https:\/\/forms.gle\/uSPe8bwvFDtxfbpTA\">https:\/\/forms.gle\/uSPe8bwvFDtxfbpTA<\/a><\/p>\n<p>O contactarse por WhatsApp al 3483 408222<\/p>\n","protected":false},"excerpt":{"rendered":"<p>Desde el Centro Ciudadano de la Ciudad de Vera, anunciaron este viernes la vuelta de los &#8220;Talleres Ciudadanos&#8221;, que en esta primera edici\u00f3n estar\u00e1n orientados a fortalecer a los emprendedores de nuestra ciudad, brindando herramientas e informaci\u00f3n actuales para que cada uno pueda proyectar su producto\/servicio a lo largo del tiempo. El primero de los [&hellip;]<\/p>\n","protected":false},"author":3,"featured_media":34796,"comment_status":"closed","ping_status":"closed","sticky":false,"template":"","format":"standard","meta":{"_joinchat":[],"footnotes":""},"categories":[51],"tags":[],"class_list":{"0":"post-34786","1":"post","2":"type-post","3":"status-publish","4":"format-standard","5":"has-post-thumbnail","7":"category-locales"},"_links":{"self":[{"href":"https:\/\/infovera.com.ar\/web\/wp-json\/wp\/v2\/posts\/34786","targetHints":{"allow":["GET"]}}],"collection":[{"href":"https:\/\/infovera.com.ar\/web\/wp-json\/wp\/v2\/posts"}],"about":[{"href":"https:\/\/infovera.com.ar\/web\/wp-json\/wp\/v2\/types\/post"}],"author":[{"embeddable":true,"href":"https:\/\/infovera.com.ar\/web\/wp-json\/wp\/v2\/users\/3"}],"replies":[{"embeddable":true,"href":"https:\/\/infovera.com.ar\/web\/wp-json\/wp\/v2\/comments?post=34786"}],"version-history":[{"count":0,"href":"https:\/\/infovera.com.ar\/web\/wp-json\/wp\/v2\/posts\/34786\/revisions"}],"wp:featuredmedia":[{"embeddable":true,"href":"https:\/\/infovera.com.ar\/web\/wp-json\/wp\/v2\/media\/34796"}],"wp:attachment":[{"href":"https:\/\/infovera.com.ar\/web\/wp-json\/wp\/v2\/media?parent=34786"}],"wp:term":[{"taxonomy":"category","embeddable":true,"href":"https:\/\/infovera.com.ar\/web\/wp-json\/wp\/v2\/categories?post=34786"},{"taxonomy":"post_tag","embeddable":true,"href":"https:\/\/infovera.com.ar\/web\/wp-json\/wp\/v2\/tags?post=34786"}],"curies":[{"name":"wp","href":"https:\/\/api.w.org\/{rel}","templated":true}]}}