{"id":34720,"date":"2022-05-04T18:20:58","date_gmt":"2022-05-04T21:20:58","guid":{"rendered":"https:\/\/infovera.com.ar\/web\/?p=34720"},"modified":"2022-05-04T18:20:58","modified_gmt":"2022-05-04T21:20:58","slug":"absolvieron-a-una-empleada-judicial-de-reconquista-acusada-por-fraude","status":"publish","type":"post","link":"https:\/\/infovera.com.ar\/web\/2022\/05\/04\/absolvieron-a-una-empleada-judicial-de-reconquista-acusada-por-fraude\/","title":{"rendered":"Absolvieron a una empleada judicial de Reconquista acusada por fraude"},"content":{"rendered":"<p>El Tribunal Oral Federal (TOF) de Santa Fe absolvi\u00f3 este lunes de culpa y cargo a Graciela Raquel Giusti, ex secretaria de la Defensor\u00eda P\u00fablica de la Naci\u00f3n -sede Reconquista-, la cual llevaba casi una d\u00e9cada bajo investigaci\u00f3n, acusada de haber defraudado al Estado a trav\u00e9s de facturas ap\u00f3crifas para el pago de insumos de oficina.<\/p>\n<p>&nbsp;<\/p>\n<p>La sentencia absolutoria la dict\u00f3 el camarista Luciano Laur\u00eda, y fue el resultado de un debate en el cual el fiscal general Mart\u00edn Su\u00e1rez Faisal no formul\u00f3 acusaci\u00f3n debido a la falta de evidencias para sostener el reproche legal.<\/p>\n<p>&nbsp;<\/p>\n<p>En defensa de la acusada, intervino el abogado de Reconquista, Andr\u00e9s Santos Gh\u00edo, quien adhiri\u00f3 con la postura del Ministerio P\u00fablico Fiscal y solicit\u00f3 la absoluci\u00f3n para su cliente.<\/p>\n<p>&nbsp;<\/p>\n<p>Casi una d\u00e9cada<br \/>\nLa denuncia se remonta al 2013, cuando desde la Ministerio P\u00fablico de la Defensa de la Naci\u00f3n advirtieron lo que consideraron ciertas irregularidades en el manejo administrativo de la oficina reconquistense.<\/p>\n<p>&nbsp;<\/p>\n<p>En ese entonces, ocupaba el cargo de defensor p\u00fablico oficial el Dr. Ignacio Francisco Montoya, quien renunci\u00f3 al cargo el 9 de mayo de 2014 y finalmente falleci\u00f3 en abril de 2021 a los 77 a\u00f1os.<\/p>\n<p>&nbsp;<\/p>\n<p>Graciela Giusti fue procesada en octubre de 2016 por el juez federal de Reconquista, Aldo Alurralde, en tanto que se dict\u00f3 la falta de m\u00e9rito para el Dr. Montoya.<\/p>\n<p>&nbsp;<\/p>\n<p>Gastos de oficina<br \/>\nGiusti lleg\u00f3 a juicio como probable &#8220;autora por defraudaci\u00f3n contra la administraci\u00f3n p\u00fablica&#8221;, en base a declaraciones de su superior, que la acus\u00f3 de haber adulterado facturas utilizando su firma sin autorizaci\u00f3n.<\/p>\n<p>&nbsp;<\/p>\n<p>De hecho, el propio Montoya expres\u00f3 en 2016 ante el portal de noticias norte\u00f1o Reconquista Hoy, que &#8220;desde Buenos Aires mandaban dinero para gastos de funcionamiento, alrededor de 2.000 o 3.000 pesos. Tambi\u00e9n mandaban otra partida que es especial para toner y resma de papel que oscila por 4 mil pesos. Durante la causa la se\u00f1ora declar\u00f3 que ella manejaba los gastos de oficina y lo otro lo manejaba yo. Nunca toque un peso en los a\u00f1os que estuve. Ella hac\u00eda las compras&#8221;, dijo.<\/p>\n<p>&nbsp;<\/p>\n<p>Sin embargo, una vez finalizado el debate, el fiscal Su\u00e1rez Faisal hizo prevalecer el &#8220;principio de inocencia&#8221; consagrado en la Constituci\u00f3n Nacional y se abstuvo de formular acusaci\u00f3n en contra de Giusti. Tal y como refleja la sentencia, el MPF no acus\u00f3 &#8220;por considerar que existe duda razonable respecto a su responsabilidad penal en los hechos que se le atribuyen&#8221;.<\/p>\n<p>&nbsp;<\/p>\n<p>Es decir que &#8220;al no existir acusaci\u00f3n fiscal contra la procesada, por abstenci\u00f3n fundada, este tribunal deber\u00e1 absolverla de culpa y cargo&#8221;, dijo el juez Laur\u00eda.<\/p>\n<p>&nbsp;<\/p>\n<p>Sorpresa y cr\u00edtica<br \/>\nPero adem\u00e1s, el magistrado dedic\u00f3 p\u00e1rrafo aparte para con el accionar de quienes tuvieron a su cargo la instrucci\u00f3n de la causa. &#8220;No dejan de sorprender las circunstancias ventiladas en el debate respecto a la actuaci\u00f3n de quien fuera defensor p\u00fablico oficial Dr. Ignacio Francisco Montoya, en relaci\u00f3n a los hechos que fueran imputados a Graciela Giusti, as\u00ed como de los motivos que llevaron a su sobreseimiento pese a su evidente responsabilidad legal y funcional&#8221;, dijo.<\/p>\n<p>&nbsp;<\/p>\n<p>Por otra parte, critic\u00f3 que el proceso haya sido dirigido por funcionarios de la Fiscal\u00eda Federal de Reconquista, cuando el juez Alurralde hab\u00eda sugerido que se designe por sorteo, especialmente teniendo en cuenta que la investigaci\u00f3n reca\u00eda sobre la figura de un colega que se desempe\u00f1aba en el mismo \u00e1mbito.<\/p>\n<p>&nbsp;<\/p>\n<p>Por \u00faltimo, el magistrado orden\u00f3 &#8220;devolver el sumario administrativo seguido contra Giusti a la Defensor\u00eda General de la Naci\u00f3n, comunicando lo resuelto&#8221;.<\/p>\n<p>&nbsp;<\/p>\n<p>&nbsp;<\/p>\n<p>&nbsp;<\/p>\n<p>&nbsp;<\/p>\n<p>&nbsp;<\/p>\n","protected":false},"excerpt":{"rendered":"<p>El Tribunal Oral Federal (TOF) de Santa Fe absolvi\u00f3 este lunes de culpa y cargo a Graciela Raquel Giusti, ex secretaria de la Defensor\u00eda P\u00fablica de la Naci\u00f3n -sede Reconquista-, la cual llevaba casi una d\u00e9cada bajo investigaci\u00f3n, acusada de haber defraudado al Estado a trav\u00e9s de facturas ap\u00f3crifas para el pago de insumos de [&hellip;]<\/p>\n","protected":false},"author":3,"featured_media":34721,"comment_status":"closed","ping_status":"closed","sticky":false,"template":"","format":"standard","meta":{"_joinchat":[],"footnotes":""},"categories":[55],"tags":[],"class_list":{"0":"post-34720","1":"post","2":"type-post","3":"status-publish","4":"format-standard","5":"has-post-thumbnail","7":"category-reconquista"},"_links":{"self":[{"href":"https:\/\/infovera.com.ar\/web\/wp-json\/wp\/v2\/posts\/34720","targetHints":{"allow":["GET"]}}],"collection":[{"href":"https:\/\/infovera.com.ar\/web\/wp-json\/wp\/v2\/posts"}],"about":[{"href":"https:\/\/infovera.com.ar\/web\/wp-json\/wp\/v2\/types\/post"}],"author":[{"embeddable":true,"href":"https:\/\/infovera.com.ar\/web\/wp-json\/wp\/v2\/users\/3"}],"replies":[{"embeddable":true,"href":"https:\/\/infovera.com.ar\/web\/wp-json\/wp\/v2\/comments?post=34720"}],"version-history":[{"count":0,"href":"https:\/\/infovera.com.ar\/web\/wp-json\/wp\/v2\/posts\/34720\/revisions"}],"wp:featuredmedia":[{"embeddable":true,"href":"https:\/\/infovera.com.ar\/web\/wp-json\/wp\/v2\/media\/34721"}],"wp:attachment":[{"href":"https:\/\/infovera.com.ar\/web\/wp-json\/wp\/v2\/media?parent=34720"}],"wp:term":[{"taxonomy":"category","embeddable":true,"href":"https:\/\/infovera.com.ar\/web\/wp-json\/wp\/v2\/categories?post=34720"},{"taxonomy":"post_tag","embeddable":true,"href":"https:\/\/infovera.com.ar\/web\/wp-json\/wp\/v2\/tags?post=34720"}],"curies":[{"name":"wp","href":"https:\/\/api.w.org\/{rel}","templated":true}]}}