{"id":34717,"date":"2022-05-04T17:56:35","date_gmt":"2022-05-04T20:56:35","guid":{"rendered":"https:\/\/infovera.com.ar\/web\/?p=34717"},"modified":"2022-05-05T14:46:43","modified_gmt":"2022-05-05T17:46:43","slug":"como-se-instrumentara-la-llegada-de-1-000-millones-de-pesos-aportados-por-nacion-para-productores-afectados-por-la-sequia","status":"publish","type":"post","link":"https:\/\/infovera.com.ar\/web\/2022\/05\/04\/como-se-instrumentara-la-llegada-de-1-000-millones-de-pesos-aportados-por-nacion-para-productores-afectados-por-la-sequia\/","title":{"rendered":"C\u00f3mo se instrumentar\u00e1 la llegada de 1.000 millones de pesos aportados por Naci\u00f3n para productores afectados por la sequ\u00eda"},"content":{"rendered":"<p><strong>Los recursos se utilizar\u00e1n para otorgar cr\u00e9ditos sin intereses que ser\u00e1n canalizados por las agencias y asociaciones para el Desarrollo de todo el territorio provincial, a excepci\u00f3n del departamento General L\u00f3pez.<\/strong><\/p>\n<p>La provincia de Santa Fe recibi\u00f3 del Ministerio de Agricultura, Ganader\u00eda y Pesca de la Naci\u00f3n recursos por un total de 1.000 millones de pesos para asistir con cr\u00e9ditos sin intereses a peque\u00f1os y medianos productores agr\u00edcolas, ganaderos y frutihort\u00edcolas afectados por la sequ\u00eda y altas temperaturas.<\/p>\n<p>Al respecto la Secretaria de Agroalimentos, Mar\u00eda Eugenia Carrizo destac\u00f3 el trabajo conjunto entre el Gobierno Nacional y el Provincial en el dise\u00f1o de dos herramientas financieras: \u201cUna de ellas destinada a recomponer el capital de trabajo afectado y otra destinada a la prevenci\u00f3n de da\u00f1os por la sequ\u00eda. Ambas iniciativas est\u00e1n destinadas a productores ubicados en todos los departamentos de la provincia de Santa Fe, excepto los del departamento General L\u00f3pez, distrito no alcanzado por la Emergencia Agropecuaria\u201d, inform\u00f3 la funcionaria.<\/p>\n<p>Al mismo tiempo, Carrizo detall\u00f3: \u201cEsta asistencia financiera se canalizar\u00e1 a trav\u00e9s de distintas agencias y asociaciones para el desarrollo y con los recursos recuperados se conformar\u00e1n fondos rotatorios para el fortalecimiento del sector agropecuario, en relaci\u00f3n a la incorporaci\u00f3n de capital de trabajo e inversiones a fin de disminuir los efectos de la sequ\u00eda y altas temperaturas\u201d.<\/p>\n<p>Los productores interesados en acceder a las distintas l\u00edneas de financiamiento tienen tiempo de inscribirse en las agencias y asociaciones hasta el viernes 20 de Mayo.<\/p>\n<p><strong>L\u00cdNEA PARA RECOMPONER LA ACTIVIDAD PRODUCTIVA<\/strong><\/p>\n<p>Es por un monto total de $200 millones y est\u00e1 destinada a productores agr\u00edcolas, ganaderos y frutihort\u00edcolas que poseen certificado de emergencia o desastre agropecuario en el marco de los Decretos 0020 y 0080\/22 emitidos por el Ministerio de Producci\u00f3n, Ciencia y Tecnolog\u00eda y que tengan constancia de inscripci\u00f3n en el Registro \u00danico de Producciones Primarias (RUPP) previo a la fecha de presentaci\u00f3n de la presente solicitud.<\/p>\n<p><strong>&gt;&gt;Escala de producci\u00f3n de los beneficiarios:<\/strong><\/p>\n<p>Producci\u00f3n agr\u00edcola: hasta 300 hect\u00e1reas<\/p>\n<p>Producci\u00f3n ganadera (leche o carne): hasta 600 cabezas totales de ganado bovino.<\/p>\n<p>Producciones mixtas: hasta 400 cabezas totales de ganado bovino y hasta 200 has agr\u00edcolas.<\/p>\n<p>Producciones frutihort\u00edcolas: hasta 5 has.<\/p>\n<p><strong>&gt;&gt;Condiciones del cr\u00e9dito:<\/strong><\/p>\n<p>Monto m\u00e1ximo a otorgar por productor es de hasta $1.000.000.<\/p>\n<p>Tasa de inter\u00e9s: cero (0%).<\/p>\n<p>Plazo total de reintegro: hasta 12 meses.<\/p>\n<p>Periodo de gracia: 12 meses.<\/p>\n<p>&gt;&gt;Destino de los cr\u00e9ditos:<\/p>\n<p>Adquisici\u00f3n de insumos y capital de trabajo para ganader\u00eda y vinculados a la siembra\/resiembra de cultivos.<\/p>\n<p><strong>L\u00cdNEA PARA LA PREVENCI\u00d3N DE DA\u00d1OS<\/strong><\/p>\n<p>Es por un monto total de $ 750 millones y est\u00e1 destinada a productores agr\u00edcolas, ganaderos y frutihort\u00edcolas que ubiquen su producci\u00f3n en los distritos alcanzados por los decretos 0020 y 0080\/22 que cuenten con la constancia de inscripci\u00f3n en el Registro \u00danico de Producciones Primarias (RUPP) previo a la fecha de presentaci\u00f3n de la presente solicitud. Adem\u00e1s, deber\u00e1n presentar un proyecto donde consten los destinos de inversi\u00f3n avalado por un profesional de las ciencias agropecuarias.<\/p>\n<p><strong>&gt;&gt;Escala de producci\u00f3n:<\/strong><\/p>\n<p>Producci\u00f3n agr\u00edcola: hasta 200 hect\u00e1reas<\/p>\n<p>Producci\u00f3n ganadera (leche o carne): hasta 600 cabezas totales de ganado bovino.<\/p>\n<p>Producciones mixtas: hasta 400 cabezas totales de ganado bovino y hasta 200 has agr\u00edcolas.<\/p>\n<p>Producciones frutihort\u00edcolas: hasta 5 has.<\/p>\n<p><strong>&gt;&gt;Condiciones del cr\u00e9dito:<\/strong><\/p>\n<p>Monto m\u00e1ximo a otorgar por productor es de hasta $1.000.000.<\/p>\n<p>Tasa de inter\u00e9s: cero (0%).<\/p>\n<p>Plazo total de reintegro: hasta 12 meses.<\/p>\n<p>Periodo de gracia: 12 meses.<\/p>\n<p><strong>&gt;&gt;Destino de los cr\u00e9ditos:<\/strong><\/p>\n<p>Elementos para extracci\u00f3n, captaci\u00f3n y almacenamiento de agua, adquisici\u00f3n de maquinaria y\/o tecnolog\u00eda para la siembra y fertilizaci\u00f3n, mejora de la infraestructura rural, manejo de ganado, bienestar animal.<\/p>\n<p><strong>FOMENTO DE PLANTACI\u00d3N DE \u00c1RBOLES EN EL MEDIO RURAL\u00a0 \u00a0<\/strong><\/p>\n<p>Adem\u00e1s de la herramientas antes mencionadas, del fondo recibido del Gobierno Nacional, se destinar\u00e1n $50 millones para la implantaci\u00f3n de cortinas forestales, montes de reparo, implementaci\u00f3n de sistemas silvopastoriles, entre otros.<\/p>\n<p>Se realizar\u00e1 a trav\u00e9s del otorgamiento de Aportes No Reintegrables (ANR) de hasta 150 mil pesos que ser\u00e1n entregados a trav\u00e9s de las agencias y asociaciones para el Desarrollo. Los interesados en recibir estos aportes no reintegrables deber\u00e1n inscribirse en el siguiente link:<\/p>\n<p><a href=\"https:\/\/docs.google.com\/forms\/d\/e\/1FAIpQLSdEczOGO6BJYzaG_lrx6XxHsK-2PqqLW54bipNz8GNNDvmL8Q\/viewform?usp=sf_link\">https:\/\/docs.google.com\/forms\/d\/e\/1FAIpQLSdEczOGO6BJYzaG_lrx6XxHsK-2PqqLW54bipNz8GNNDvmL8Q\/viewform?usp=sf_link<\/a><\/p>\n<p><strong>&gt;&gt;Los productores para acceder a este beneficio deben tener la siguiente de producci\u00f3n:<\/strong><\/p>\n<p>Producci\u00f3n agr\u00edcola: hasta 200 hect\u00e1reas<\/p>\n<p>Producci\u00f3n ganadera (leche o carne): hasta 600 cabezas totales de ganado bovino.<\/p>\n<p>Producciones mixtas: hasta 400 cabezas totales de ganado bovino y hasta 200 has agr\u00edcolas.<\/p>\n<p>Producciones frutihort\u00edcolas: hasta 5 has.<\/p>\n<p><strong>AGENCIAS Y ASOCIACIONES PARA EL DESARROLLO \u00a0<\/strong><\/p>\n<p>&gt;&gt;Los interesados en acceder a las mencionadas herramientas de asistencia deber\u00e1n comunicarse o dirigirse a las siguientes agencias y asociaciones para el desarrollo:<\/p>\n<p>Asociaci\u00f3n para el Desarrollo del Departamento 9 de Julio &#8211; ADR 9 de Julio<\/p>\n<p>Av. Minetti 764, Villa Minetti.<\/p>\n<p>Tel: 3491 415690<\/p>\n<p>E-mail: mondinog@hotmail.com \/ asocdesarrollo@norfe.net.ar \/ asocdesarrollo@hotmail.com<\/p>\n<p>Asociaci\u00f3n para el Desarrollo Regional &#8211; ADR Reconquista<\/p>\n<p>Gral. L\u00f3pez 744, Reconquista.<\/p>\n<p>Tel: 3482 503538<\/p>\n<p>E-mail: adrrqta@adrrqta.org.ar gerencia@adrrqta.org.ar<\/p>\n<p>Asociaci\u00f3n Civil Mesa Azucarera y de Desarrollo Regional Santafesina &#8211; ACMAS<\/p>\n<p>Mitre 1575, Villa Ocampo.<\/p>\n<p>Tel: 3482 676429<\/p>\n<p>E-mail: acmasvo@gmail.com\u00a0 ccremona17@hotmail.com<\/p>\n<p>Asociaci\u00f3n para el Desarrollo Regional de Villa Trinidad y Colonia Ana &#8211; ADR Villa Trinidad<\/p>\n<p>Saavedra 404, Villa Trinidad.<\/p>\n<p>Tel: 3491 491826<\/p>\n<p>E-mail: giorgismariaester@hotmail.com asocvillatrinidad@vtcc.com.ar asociacionvillatrinidad@gmail.com<\/p>\n<p>Asociaci\u00f3n para el Desarrollo Regional de San Crist\u00f3bal &#8211; ADR San Crist\u00f3bal<\/p>\n<p>Alberdi y Chacabuco, San Crist\u00f3bal.<\/p>\n<p>Tel: 3408 672158<\/p>\n<p>E-mail: adesreg@hotmail.com<\/p>\n<p>Asociaci\u00f3n para el Desarrollo del Departamento San Justo &#8211; ADR del Norte de San Justo<\/p>\n<p>Estanislao L\u00f3pez, La Criolla.<\/p>\n<p>Tel: 3483 490877<\/p>\n<p>E-mail: lucianolemaire@hotmail.com<\/p>\n<p>Asociaci\u00f3n Civil Agencia para el Desarrollo de Santa Fe y su Regi\u00f3n &#8211; ADER Santa Fe.<\/p>\n<p>1ero de mayo 2122, Santa Fe.<\/p>\n<p>Tel: 342 5990505<\/p>\n<p>E-mail: amadeoformisano@gmail.com gerencia@adersantafe.org.ar\u00a0 adersantafe@gmail.com presidencia@adersantafe.org.ar<\/p>\n<p>Asociaci\u00f3n para el Desarrollo Regional de la Costa &#8211; ADR La Costa<\/p>\n<p>Poeta J. Migno S\/N, San Javier.<\/p>\n<p>Tel: 3405 456941<\/p>\n<p>E-mail: asociaciondesarrollo@telenetdigital.com.ar adr.delacosta@gmail.com<\/p>\n<p>Asociaci\u00f3n Regional para el Desarrollo &#8211; ADR Castellanos<\/p>\n<p>Hip\u00f3lito Irigoyen 809, Rafaela.<\/p>\n<p>Tel: 3492 601008<\/p>\n<p>E-mail: adrcastellanos@gmail.com<\/p>\n<p>Asociaci\u00f3n Civil Agencia para el Desarrollo de Esperanza y La Regi\u00f3n &#8211; ACADER<\/p>\n<p>Amado Aufranc 998, Esperanza.<\/p>\n<p>Tel: 3496 544670<\/p>\n<p>E-mail: vanevgatti@hotmail.com acader@acader.org.ar<\/p>\n<p>Asociaci\u00f3n Civil con Personer\u00eda Jur\u00eddica para el Desarrollo Departamental &#8211; ADR San Mart\u00edn<\/p>\n<p>Avenida Libertad 78, El Tr\u00e9bol.<\/p>\n<p>Tel: 3401 5913517<\/p>\n<p>E-mail: asociacionparaeldesarrollosm@gmail.com<\/p>\n<p>Asociaci\u00f3n Civil Agencia para el Desarrollo Regional del Departamento San Jer\u00f3nimo &#8211; ADER San Jer\u00f3nimo<\/p>\n<p>Sarmiento 372, G\u00e1lvez.<\/p>\n<p>Tel: 3404 517292<\/p>\n<p>E-mail: adersjgerencia@gmail.com adersanjeronimo@gmail.com<\/p>\n<p>Asociaci\u00f3n para el Desarrollo del Centro Sur Santafesino &#8211; ADER Centro Sur<\/p>\n<p>Estrasburgo 450, San Jer\u00f3nimo Sud.<\/p>\n<p>Tel: 341 2689638<\/p>\n<p>E-mail: nadiavnovara@gmail.com info@adercentrosur.com<\/p>\n<p>Agencia de Desarrollo Regi\u00f3n Rosario Asociaci\u00f3n Civil &#8211; ADERR<\/p>\n<p>Maip\u00fa 835, Rosario.<\/p>\n<p>Tel: 341 3120441<\/p>\n<p>E-mail: presidente@aderr.org.ar info@aderr.org.ar<\/p>\n<p>Asociaci\u00f3n Civil Agencia de Desarrollo para el Departamento Constituci\u00f3n &#8211; ADECON<\/p>\n<p>Sarmiento 982, Villa Constituci\u00f3n.<\/p>\n<p>Tel: 341 6533053<\/p>\n<p>E-mail: martinalexis.michel@gmail.com<\/p>\n","protected":false},"excerpt":{"rendered":"<p>Los recursos se utilizar\u00e1n para otorgar cr\u00e9ditos sin intereses que ser\u00e1n canalizados por las agencias y asociaciones para el Desarrollo de todo el territorio provincial, a excepci\u00f3n del departamento General L\u00f3pez. La provincia de Santa Fe recibi\u00f3 del Ministerio de Agricultura, Ganader\u00eda y Pesca de la Naci\u00f3n recursos por un total de 1.000 millones de [&hellip;]<\/p>\n","protected":false},"author":3,"featured_media":34718,"comment_status":"closed","ping_status":"closed","sticky":false,"template":"","format":"standard","meta":{"_joinchat":[],"footnotes":""},"categories":[60],"tags":[],"class_list":{"0":"post-34717","1":"post","2":"type-post","3":"status-publish","4":"format-standard","5":"has-post-thumbnail","7":"category-provinciales"},"_links":{"self":[{"href":"https:\/\/infovera.com.ar\/web\/wp-json\/wp\/v2\/posts\/34717","targetHints":{"allow":["GET"]}}],"collection":[{"href":"https:\/\/infovera.com.ar\/web\/wp-json\/wp\/v2\/posts"}],"about":[{"href":"https:\/\/infovera.com.ar\/web\/wp-json\/wp\/v2\/types\/post"}],"author":[{"embeddable":true,"href":"https:\/\/infovera.com.ar\/web\/wp-json\/wp\/v2\/users\/3"}],"replies":[{"embeddable":true,"href":"https:\/\/infovera.com.ar\/web\/wp-json\/wp\/v2\/comments?post=34717"}],"version-history":[{"count":0,"href":"https:\/\/infovera.com.ar\/web\/wp-json\/wp\/v2\/posts\/34717\/revisions"}],"wp:featuredmedia":[{"embeddable":true,"href":"https:\/\/infovera.com.ar\/web\/wp-json\/wp\/v2\/media\/34718"}],"wp:attachment":[{"href":"https:\/\/infovera.com.ar\/web\/wp-json\/wp\/v2\/media?parent=34717"}],"wp:term":[{"taxonomy":"category","embeddable":true,"href":"https:\/\/infovera.com.ar\/web\/wp-json\/wp\/v2\/categories?post=34717"},{"taxonomy":"post_tag","embeddable":true,"href":"https:\/\/infovera.com.ar\/web\/wp-json\/wp\/v2\/tags?post=34717"}],"curies":[{"name":"wp","href":"https:\/\/api.w.org\/{rel}","templated":true}]}}